{"id":1068,"date":"2011-08-26T11:49:01","date_gmt":"2011-08-26T14:49:01","guid":{"rendered":"http:\/\/ultimato.com.br\/sites\/jovem\/?p=1068"},"modified":"2011-08-26T09:16:48","modified_gmt":"2011-08-26T12:16:48","slug":"olha-quem-esta-falando-tambem","status":"publish","type":"post","link":"https:\/\/ultimato.com.br\/sites\/jovem\/2011\/08\/26\/olha-quem-esta-falando-tambem\/","title":{"rendered":"Olha quem est\u00e1 falando tamb\u00e9m&#8230;"},"content":{"rendered":"<p>&#8220;Navegando&#8221; por a\u00ed, encontramos no blog <a href=\"http:\/\/www.esbocandoideias.com\/2011\/07\/esbocos-e-ilustracoes-o-bebe-crente-e-o-bebe-ateu.html\" target=\"_blank\">Esbo\u00e7ando Ideias<\/a> um texto muito legal, de autoria desconhecida, que compartilho abaixo. Espero que gostem!<\/p>\n<p><a href=\"http:\/\/ultimato.com.br\/sites\/jovem\/files\/2011\/08\/25_08_gravida_ultjovem1.jpg\" class=\"lightview\" data-lightview-group=\"group-1068\" data-lightview-options=\"skin: 'dark', controls: 'relative', padding: '10', shadow: { color: '#000000', opacity: 0.08, blur: 3 }\"><img loading=\"lazy\" decoding=\"async\" class=\"aligncenter size-full wp-image-1070\" src=\"http:\/\/ultimato.com.br\/sites\/jovem\/files\/2011\/08\/25_08_gravida_ultjovem1.jpg\" alt=\"\" width=\"367\" height=\"244\" srcset=\"https:\/\/ultimato.com.br\/sites\/jovem\/files\/2011\/08\/25_08_gravida_ultjovem1.jpg 367w, https:\/\/ultimato.com.br\/sites\/jovem\/files\/2011\/08\/25_08_gravida_ultjovem1-300x199.jpg 300w, https:\/\/ultimato.com.br\/sites\/jovem\/files\/2011\/08\/25_08_gravida_ultjovem1-150x99.jpg 150w\" sizes=\"auto, (max-width: 367px) 100vw, 367px\" \/><\/a><\/p>\n<blockquote><p>No ventre de uma mulher gr\u00e1vida, dois beb\u00eas est\u00e3o tendo uma conversa. Um deles \u00e9 crente e o outro, ateu.<\/p>\n<p><strong>Beb\u00ea ateu: <\/strong>Voc\u00ea acredita na vida ap\u00f3s o nascimento?<br \/>\n<strong>Beb\u00ea crente:<\/strong> Claro que sim. Todo mundo sabe que existe vida ap\u00f3s o nascimento. N\u00f3s estamos aqui para crescer fortes o suficiente e nos preparar para o que nos espera depois.<!--more--><br \/>\n<strong>Ateu: <\/strong>Bobagem! N\u00e3o pode haver vida ap\u00f3s o nascimento! Voc\u00ea pode imaginar como seria essa vida?<br \/>\n<strong>Crente: <\/strong>Eu n\u00e3o sei todos os detalhes, mas acredito que exista mais luz, e talvez a gente caminhe e se alimente l\u00e1.<br \/>\n<strong>Ateu: <\/strong>Besteira! \u00c9 imposs\u00edvel andarmos e nos alimentarmos! \u00c9 rid\u00edculo! N\u00f3s temos o cord\u00e3o umbilical que nos alimenta. Eu s\u00f3 quero mostrar isso para voc\u00ea: a vida ap\u00f3s o nascimento n\u00e3o pode existir, porque a nossa vida, o cord\u00e3o, j\u00e1 \u00e9 demasiado curta.<br \/>\n<strong>Crente: <\/strong>Eu estou certo de que \u00e9 poss\u00edvel. Ela ser\u00e1 um pouco diferente. Eu posso imagin\u00e1-la.<br \/>\n<strong>Ateu: <\/strong>Mas n\u00e3o h\u00e1 ningu\u00e9m que tenha voltado de l\u00e1! A vida simplesmente acaba com o nascimento. E, francamente, a vida \u00e9 apenas um grande sofrimento no escuro.<br \/>\n<strong>Crente: <\/strong>N\u00e3o, n\u00e3o! Eu n\u00e3o sei como a vida ap\u00f3s o nascimento ser\u00e1 exatamente, mas em todo caso, n\u00f3s encontraremos nossa m\u00e3e e ela cuidar\u00e1 de n\u00f3s!<br \/>\n<strong>Ateu: <\/strong>M\u00e3e? Voc\u00ea acha que tem uma m\u00e3e? Ent\u00e3o, onde ela est\u00e1?<br \/>\n<strong>Crente: <\/strong>Ela est\u00e1 em toda parte \u00e0 nossa volta, e n\u00f3s estamos nela! N\u00f3s nos movemos por causa dela e gra\u00e7as a ela, n\u00f3s nos movemos e vivemos! Sem ela, n\u00f3s n\u00e3o existir\u00edamos .<br \/>\n<strong>Ateu: <\/strong>Bobagem! Eu n\u00e3o vi nenhuma m\u00e3e semelhante; portanto, n\u00e3o existe nenhuma.<br \/>\n<strong>Crente: <\/strong>Eu n\u00e3o posso concordar com voc\u00ea. Na verdade, \u00e0s vezes, quando tudo se acalma, n\u00f3s podemos ouvi-la cantar e sentir como ela acaricia o nosso mundo. Eu acredito fortemente que a nossa vida real come\u00e7ar\u00e1 somente ap\u00f3s o nascimento. Eu creio!<\/p><\/blockquote>\n<p>Se voc\u00ea v\u00ea escreve textos legais, que tal colaborar com o nosso blog? Envie para <a href=\"juventudes@ultimato.com.br\" target=\"_blank\">juventudes@ultimato.com.br<\/a>!<\/p>\n","protected":false},"excerpt":{"rendered":"<p>&#8220;Navegando&#8221; por a\u00ed, encontramos no blog Esbo\u00e7ando Ideias um texto muito legal, de autoria desconhecida, que compartilho abaixo. Espero que gostem! No ventre de uma mulher gr\u00e1vida, dois beb\u00eas est\u00e3o tendo uma conversa. Um deles \u00e9 crente e o outro, ateu. Beb\u00ea ateu: Voc\u00ea acredita na vida ap\u00f3s o nascimento? Beb\u00ea crente: Claro que sim. [&hellip;]<\/p>\n","protected":false},"author":19,"featured_media":0,"comment_status":"open","ping_status":"open","sticky":false,"template":"","format":"standard","meta":{"ngg_post_thumbnail":0,"footnotes":""},"categories":[9],"tags":[],"class_list":["post-1068","post","type-post","status-publish","format-standard","hentry","category-sem-categoria"],"_links":{"self":[{"href":"https:\/\/ultimato.com.br\/sites\/jovem\/wp-json\/wp\/v2\/posts\/1068","targetHints":{"allow":["GET"]}}],"collection":[{"href":"https:\/\/ultimato.com.br\/sites\/jovem\/wp-json\/wp\/v2\/posts"}],"about":[{"href":"https:\/\/ultimato.com.br\/sites\/jovem\/wp-json\/wp\/v2\/types\/post"}],"author":[{"embeddable":true,"href":"https:\/\/ultimato.com.br\/sites\/jovem\/wp-json\/wp\/v2\/users\/19"}],"replies":[{"embeddable":true,"href":"https:\/\/ultimato.com.br\/sites\/jovem\/wp-json\/wp\/v2\/comments?post=1068"}],"version-history":[{"count":5,"href":"https:\/\/ultimato.com.br\/sites\/jovem\/wp-json\/wp\/v2\/posts\/1068\/revisions"}],"predecessor-version":[{"id":1075,"href":"https:\/\/ultimato.com.br\/sites\/jovem\/wp-json\/wp\/v2\/posts\/1068\/revisions\/1075"}],"wp:attachment":[{"href":"https:\/\/ultimato.com.br\/sites\/jovem\/wp-json\/wp\/v2\/media?parent=1068"}],"wp:term":[{"taxonomy":"category","embeddable":true,"href":"https:\/\/ultimato.com.br\/sites\/jovem\/wp-json\/wp\/v2\/categories?post=1068"},{"taxonomy":"post_tag","embeddable":true,"href":"https:\/\/ultimato.com.br\/sites\/jovem\/wp-json\/wp\/v2\/tags?post=1068"}],"curies":[{"name":"wp","href":"https:\/\/api.w.org\/{rel}","templated":true}]}}