{"id":1054,"date":"2011-08-24T11:01:54","date_gmt":"2011-08-24T14:01:54","guid":{"rendered":"http:\/\/ultimato.com.br\/sites\/jovem\/?p=1054"},"modified":"2011-08-23T12:09:04","modified_gmt":"2011-08-23T15:09:04","slug":"juventude-ontem-hoje-sempre","status":"publish","type":"post","link":"https:\/\/ultimato.com.br\/sites\/jovem\/2011\/08\/24\/juventude-ontem-hoje-sempre\/","title":{"rendered":"Juventude: ontem, hoje, sempre&#8230;"},"content":{"rendered":"<p><a href=\"http:\/\/ultimato.com.br\/sites\/jovem\/files\/2011\/08\/24_08_jovemrebelde_jovemULT.jpg\" class=\"lightview\" data-lightview-group=\"group-1054\" data-lightview-options=\"skin: 'dark', controls: 'relative', padding: '10', shadow: { color: '#000000', opacity: 0.08, blur: 3 }\"><img loading=\"lazy\" decoding=\"async\" class=\"alignleft size-medium wp-image-1063\" src=\"http:\/\/ultimato.com.br\/sites\/jovem\/files\/2011\/08\/24_08_jovemrebelde_jovemULT-300x225.jpg\" alt=\"\" width=\"240\" height=\"180\" srcset=\"https:\/\/ultimato.com.br\/sites\/jovem\/files\/2011\/08\/24_08_jovemrebelde_jovemULT-300x225.jpg 300w, https:\/\/ultimato.com.br\/sites\/jovem\/files\/2011\/08\/24_08_jovemrebelde_jovemULT-150x112.jpg 150w, https:\/\/ultimato.com.br\/sites\/jovem\/files\/2011\/08\/24_08_jovemrebelde_jovemULT.jpg 340w\" sizes=\"auto, (max-width: 240px) 100vw, 240px\" \/><\/a>Qual \u00e9 a rela\u00e7\u00e3o dos jovens com a igreja hoje? Como eles se comportam? S\u00e3o todos rebeldes? Eles  perderam a f\u00e9? Eles est\u00e3o fugindo da igreja?<\/p>\n<p>Se voc\u00ea acha que estas perguntas s\u00e3o feitas s\u00f3 para voc\u00ea, s\u00f3 para sua turma de jovens na igreja ou s\u00f3 para sua gera\u00e7\u00e3o, surpresa! Achamos reportagens publicadas pela <strong>Ultimato em 1968 <\/strong>que tratam desse mesmo assunto, de autoria do ent\u00e3o jovem pastor <strong>Zaqueu Ribeiro<\/strong>. Confira!<\/p>\n<p>&nbsp;<\/p>\n<p><em><strong>Por que a juventude sem amor odeia?<\/strong><\/em><\/p>\n<p><em>Feita assim, a pergunta d\u00e1 a impress\u00e3o de que o \u00f3dio \u00e9 sentimento oposto ao amor, quando na verdade \u00e9 a limita\u00e7\u00e3o do amor. Como criaturas de Deus, temos em n\u00f3s, inerente a potencialidade do amor grandioso de Deus. Contudo, no decurso do tempo, os homens represaram em si mesmos os poderes de seu amor, permitindo somente que, vez por outra, alguma gota furtiva escoe. Ao seu redor tudo se fez deserto, enquanto ele se afora no seu amor pr\u00f3prio. O jovem n\u00e3o odeia. Apenas n\u00e3o aprendeu a amar. Cercaram-lhe o amor. Negaram-lhe amor \u2013 e ele aprendeu a amar limitadamente, com as for\u00e7as de que chamamos \u00f3dio. <!--more-->E o que eu vejo nos adolescentes e jovens \u00e9 simplesmente o anseio de amar, com toda a pot\u00eancia do amor represado. Toda a sua vitalidade, todas as suas reivindica\u00e7\u00f5es, toda a sua revolta s\u00e3o um grito de amor contido e exprimem a busca de uma f\u00f3rmula de amor que n\u00e3o conhecem e a que se desejam dedicar. At\u00e9 nos seus desregramentos, vejo o jovem como um pedinte de amor, do amor puro e verdadeiro, pelo qual a sua consci\u00eancia clama e do qual s\u00f3 conhece as limita\u00e7\u00f5es. Quando se encontrar com Deus, as paredes que reprimem seu amor h\u00e3o de cair como as velhas muralhas de Jeric\u00f3, porque Deus, e s\u00f3 Deus, \u00e9 amor \u2013 e n&#8217;Ele aprendemos a amar com seu amor infinito, paciente, benigno, sem ard\u00eancia de ci\u00fames, sem ufania nem soberba, sem atitudes inconvenientes, nem ego\u00edsmos, nem exaspera\u00e7\u00e3o,nem ressentimentos, nem injusti\u00e7as, mas com a alegria do amor imperec\u00edvel at\u00e9 no sofrimento.<\/em><\/p>\n<p>&nbsp;<\/p>\n<p><em><strong>Por que a juventude sem amor foge da igreja?<\/strong><\/em><\/p>\n<p><em>Esta pergunta n\u00e3o corresponde \u00e0 realidade. Somente uma an\u00e1lise muito desprovida de acuidade pode levar \u00e0 conclus\u00e3o de que a juventude perdeu a f\u00e9. H\u00e1 milhares de jovens vivendo a vida vitoriosa da f\u00e9, perfeitamente integrados no plano divino da reden\u00e7\u00e3o. Mesmo quando um jovem acuse o problema, sua afirma\u00e7\u00e3o somente esconde uma realidade diferente. Admito que nossa juventude sofra de uma subnutri\u00e7\u00e3o espiritual, ocasionada pelas omiss\u00f5es paternas na comunica\u00e7\u00e3o das melhores experi\u00eancias crist\u00e3s e se ressintam, tamb\u00e9m, da pobreza do exemplo da vida religiosa do lar. Admito que muitos jovens tenham perdido o caminho dos templos, decepcionados com seus l\u00edderes religiosos. Admito que se defrontem com as for\u00e7as do materialismo, mergulhados no conflito que buscam arrancar-lhes da alma a f\u00e9. At\u00e9 agora, contudo, a juventude \u201csem f\u00e9\u201d s\u00f3 teve uma descentraliza\u00e7\u00e3o do seu centro, que \u00e9 Deus. Prevalece, por\u00e9m, a m\u00edstica da juventude, que se apega e se entrega, com toda a sua vida, ao objeto de sua f\u00e9. Uns passam a crer em si mesmos; outros em algum messias que sempre aparece; outros em sistemas e ideologias de reden\u00e7\u00e3o. Como diz o ap\u00f3stolo Paulo: \u201cignorando a justi\u00e7a de Deus e procurando estabelecer sua pr\u00f3pria justi\u00e7a, n\u00e3o se submetem \u00e0 justi\u00e7a de Deus\u201d. Em tudo isso h\u00e1 clamorosas falhas humanas, e uma tr\u00e1gica a\u00e7\u00e3o diab\u00f3lica. Mas no meio do caos de uma f\u00e9 pendente sopra o Esp\u00edrito de Deus e a mec\u00e2nica de seu amor vai centralizando a f\u00e9 na pessoa do Redentor. Urge que os lares se associem a Deus na obra de reconquista do homem. Necess\u00e1rio se faz que a Escola se torne ambiente prop\u00edcio ao desenvolvimento crist\u00e3o do misticismo jovem. Que todas as fontes influentes se compenetrem da urg\u00eancia de se restaurar a verdadeira f\u00e9. Praza aos c\u00e9us que a igreja esteja \u00e0 altura do momento em que a juventude dispersa a ela retornar, como o Filho Pr\u00f3digo da par\u00e1bola de Cristo.<\/em><\/p>\n","protected":false},"excerpt":{"rendered":"<p>Qual \u00e9 a rela\u00e7\u00e3o dos jovens com a igreja hoje? Como eles se comportam? S\u00e3o todos rebeldes? Eles perderam a f\u00e9? Eles est\u00e3o fugindo da igreja? Se voc\u00ea acha que estas perguntas s\u00e3o feitas s\u00f3 para voc\u00ea, s\u00f3 para sua turma de jovens na igreja ou s\u00f3 para sua gera\u00e7\u00e3o, surpresa! Achamos reportagens publicadas pela [&hellip;]<\/p>\n","protected":false},"author":19,"featured_media":0,"comment_status":"open","ping_status":"open","sticky":false,"template":"","format":"standard","meta":{"ngg_post_thumbnail":0,"footnotes":""},"categories":[9,6054],"tags":[],"class_list":["post-1054","post","type-post","status-publish","format-standard","hentry","category-sem-categoria","category-textos"],"_links":{"self":[{"href":"https:\/\/ultimato.com.br\/sites\/jovem\/wp-json\/wp\/v2\/posts\/1054","targetHints":{"allow":["GET"]}}],"collection":[{"href":"https:\/\/ultimato.com.br\/sites\/jovem\/wp-json\/wp\/v2\/posts"}],"about":[{"href":"https:\/\/ultimato.com.br\/sites\/jovem\/wp-json\/wp\/v2\/types\/post"}],"author":[{"embeddable":true,"href":"https:\/\/ultimato.com.br\/sites\/jovem\/wp-json\/wp\/v2\/users\/19"}],"replies":[{"embeddable":true,"href":"https:\/\/ultimato.com.br\/sites\/jovem\/wp-json\/wp\/v2\/comments?post=1054"}],"version-history":[{"count":7,"href":"https:\/\/ultimato.com.br\/sites\/jovem\/wp-json\/wp\/v2\/posts\/1054\/revisions"}],"predecessor-version":[{"id":1065,"href":"https:\/\/ultimato.com.br\/sites\/jovem\/wp-json\/wp\/v2\/posts\/1054\/revisions\/1065"}],"wp:attachment":[{"href":"https:\/\/ultimato.com.br\/sites\/jovem\/wp-json\/wp\/v2\/media?parent=1054"}],"wp:term":[{"taxonomy":"category","embeddable":true,"href":"https:\/\/ultimato.com.br\/sites\/jovem\/wp-json\/wp\/v2\/categories?post=1054"},{"taxonomy":"post_tag","embeddable":true,"href":"https:\/\/ultimato.com.br\/sites\/jovem\/wp-json\/wp\/v2\/tags?post=1054"}],"curies":[{"name":"wp","href":"https:\/\/api.w.org\/{rel}","templated":true}]}}