{"id":1035,"date":"2011-08-22T11:30:03","date_gmt":"2011-08-22T14:30:03","guid":{"rendered":"http:\/\/ultimato.com.br\/sites\/jovem\/?p=1035"},"modified":"2011-08-23T12:06:06","modified_gmt":"2011-08-23T15:06:06","slug":"festival-de-artes","status":"publish","type":"post","link":"https:\/\/ultimato.com.br\/sites\/jovem\/2011\/08\/22\/festival-de-artes\/","title":{"rendered":"Festival de artes"},"content":{"rendered":"<p>Gosta de artes? Ent\u00e3o essa not\u00edcia \u00e9 pra voc\u00ea!<\/p>\n<p><a href=\"http:\/\/ultimato.com.br\/sites\/jovem\/files\/2011\/08\/19_08_festivalartes_ultjovem.jpg\" class=\"lightview\" data-lightview-group=\"group-1035\" data-lightview-options=\"skin: 'dark', controls: 'relative', padding: '10', shadow: { color: '#000000', opacity: 0.08, blur: 3 }\"><img loading=\"lazy\" decoding=\"async\" class=\"size-full wp-image-1036 alignright\" src=\"http:\/\/ultimato.com.br\/sites\/jovem\/files\/2011\/08\/19_08_festivalartes_ultjovem.jpg\" alt=\"\" width=\"334\" height=\"222\" srcset=\"https:\/\/ultimato.com.br\/sites\/jovem\/files\/2011\/08\/19_08_festivalartes_ultjovem.jpg 418w, https:\/\/ultimato.com.br\/sites\/jovem\/files\/2011\/08\/19_08_festivalartes_ultjovem-300x198.jpg 300w, https:\/\/ultimato.com.br\/sites\/jovem\/files\/2011\/08\/19_08_festivalartes_ultjovem-150x99.jpg 150w\" sizes=\"auto, (max-width: 334px) 100vw, 334px\" \/><\/a><\/p>\n<p>A Escola Avalanche convida para a <strong>2\u00b0 Edi\u00e7\u00e3o do Festival Avalanche de Artes<\/strong>, que ser\u00e1 realizado nos dias 30 de setembro e 1 e 2 de outubro em um circuito de eventos na Rua Wilson Freitas, no Centro de Vit\u00f3ria (ES).<\/p>\n<p>H\u00e1 sete anos atuando com pioneirismo e criatividade  nas \u00e1reas de artes, comunica\u00e7\u00e3o, pol\u00edticas p\u00fablicas, desenvolvimento comunit\u00e1rio, sexualidade, moda e interven\u00e7\u00f5es  urbanas, o <strong>Avalanche Miss\u00f5es Urbanas<\/strong>, com o conhecimento adquirido em campo, se prop\u00f5e a ser o mediador do que se espera ser um dos grandes festivais de artes do Brasil. Diversidade e interatividade ser\u00e1 um dos diferenciais do festival, trazendo o publico a ser parte de toda a programa\u00e7\u00e3o.<!--more--><\/p>\n<p><strong>O foco<\/strong><\/p>\n<p>Pensando no melhor do que j\u00e1 foi proposto nos maiores festivais de artes do mundo, contextualizado  ao Brasil, o festival tem como objetivo mobilizar a nossa gera\u00e7\u00e3o a sonhar com um mundo melhor, atrav\u00e9s de atitude, responsabilidade e amor, que ser\u00e3o manifestados atrav\u00e9s das oficinas e apresenta\u00e7\u00f5es art\u00edsticas que v\u00e3o do l\u00fadico \u00e0 arte do hipermodernismo. Os participantes ser\u00e3o muito mais do que apenas expositores de artes e oficineiros. O car\u00e1ter inovador na forma de agir e expressar o anseio por essas mudan\u00e7as ser\u00e1 a base do evento.<\/p>\n<p>Confira um pouco do que foi o <a href=\"http:\/\/youtu.be\/I0AO3nBQ26Q\" target=\"_blank\">Festival de Artes 2010<\/a>.<\/p>\n<p><strong>Local e Apoio<\/strong><\/p>\n<p>Avalanche Miss\u00f5es Urbanas &#8211; Rua Wilson Freitas, n\u00ba 250, Centro &#8211; Vitoria (ES)<br \/>\nContato:\u00a0 (27) 7811-2397 \/ (27) 8179-4229 &#8211;\u00a0 <a href=\"www.avalanchemissoes.org\" target=\"_blank\">festival@avalanchemissoes.org<br \/>\nwww.avalanchemissoes.org<\/a><\/p>\n","protected":false},"excerpt":{"rendered":"<p>Gosta de artes? Ent\u00e3o essa not\u00edcia \u00e9 pra voc\u00ea! A Escola Avalanche convida para a 2\u00b0 Edi\u00e7\u00e3o do Festival Avalanche de Artes, que ser\u00e1 realizado nos dias 30 de setembro e 1 e 2 de outubro em um circuito de eventos na Rua Wilson Freitas, no Centro de Vit\u00f3ria (ES). H\u00e1 sete anos atuando com [&hellip;]<\/p>\n","protected":false},"author":19,"featured_media":0,"comment_status":"open","ping_status":"open","sticky":false,"template":"","format":"standard","meta":{"ngg_post_thumbnail":0,"footnotes":""},"categories":[172],"tags":[],"class_list":["post-1035","post","type-post","status-publish","format-standard","hentry","category-agenda"],"_links":{"self":[{"href":"https:\/\/ultimato.com.br\/sites\/jovem\/wp-json\/wp\/v2\/posts\/1035","targetHints":{"allow":["GET"]}}],"collection":[{"href":"https:\/\/ultimato.com.br\/sites\/jovem\/wp-json\/wp\/v2\/posts"}],"about":[{"href":"https:\/\/ultimato.com.br\/sites\/jovem\/wp-json\/wp\/v2\/types\/post"}],"author":[{"embeddable":true,"href":"https:\/\/ultimato.com.br\/sites\/jovem\/wp-json\/wp\/v2\/users\/19"}],"replies":[{"embeddable":true,"href":"https:\/\/ultimato.com.br\/sites\/jovem\/wp-json\/wp\/v2\/comments?post=1035"}],"version-history":[{"count":7,"href":"https:\/\/ultimato.com.br\/sites\/jovem\/wp-json\/wp\/v2\/posts\/1035\/revisions"}],"predecessor-version":[{"id":1038,"href":"https:\/\/ultimato.com.br\/sites\/jovem\/wp-json\/wp\/v2\/posts\/1035\/revisions\/1038"}],"wp:attachment":[{"href":"https:\/\/ultimato.com.br\/sites\/jovem\/wp-json\/wp\/v2\/media?parent=1035"}],"wp:term":[{"taxonomy":"category","embeddable":true,"href":"https:\/\/ultimato.com.br\/sites\/jovem\/wp-json\/wp\/v2\/categories?post=1035"},{"taxonomy":"post_tag","embeddable":true,"href":"https:\/\/ultimato.com.br\/sites\/jovem\/wp-json\/wp\/v2\/tags?post=1035"}],"curies":[{"name":"wp","href":"https:\/\/api.w.org\/{rel}","templated":true}]}}