{"id":1016,"date":"2011-08-15T11:07:24","date_gmt":"2011-08-15T14:07:24","guid":{"rendered":"http:\/\/ultimato.com.br\/sites\/jovem\/?p=1016"},"modified":"2011-08-23T12:04:53","modified_gmt":"2011-08-23T15:04:53","slug":"ii-joern","status":"publish","type":"post","link":"https:\/\/ultimato.com.br\/sites\/jovem\/2011\/08\/15\/ii-joern\/","title":{"rendered":"II JOERN"},"content":{"rendered":"<p><a href=\"http:\/\/ultimato.com.br\/sites\/jovem\/files\/2011\/08\/15_08_JesusWarriors_ultJovem.jpg\" class=\"lightview\" data-lightview-group=\"group-1016\" data-lightview-options=\"skin: 'dark', controls: 'relative', padding: '10', shadow: { color: '#000000', opacity: 0.08, blur: 3 }\"><img loading=\"lazy\" decoding=\"async\" class=\"size-medium wp-image-1017 alignleft\" src=\"http:\/\/ultimato.com.br\/sites\/jovem\/files\/2011\/08\/15_08_JesusWarriors_ultJovem-300x157.jpg\" alt=\"\" width=\"300\" height=\"157\" srcset=\"https:\/\/ultimato.com.br\/sites\/jovem\/files\/2011\/08\/15_08_JesusWarriors_ultJovem-300x157.jpg 300w, https:\/\/ultimato.com.br\/sites\/jovem\/files\/2011\/08\/15_08_JesusWarriors_ultJovem-150x78.jpg 150w, https:\/\/ultimato.com.br\/sites\/jovem\/files\/2011\/08\/15_08_JesusWarriors_ultJovem.jpg 448w\" sizes=\"auto, (max-width: 300px) 100vw, 300px\" \/><\/a>A rede internacional de evangelismo <em>Jesus Warriors <\/em>realizar\u00e1, de 20 de agosto a 12 de setembro, a segunda edi\u00e7\u00e3o do JOERN (Jogos Evang\u00e9lico do Rio Grande do Norte), que tem por objetivo fazer a integra\u00e7\u00e3o entre as igrejas e comunidades evang\u00e9licas do Rio Grande do Norte e promover o esporte e a sa\u00fade. A abertura do evento acontecer\u00e1 no Col\u00e9gio Bereiano, localizado na av. Hermes da Fonseca, n\u00ba 1582, pr\u00f3ximo ao Shopping Midway Mall, \u00e0s 18h00.<\/p>\n<p>Segundo a assessoria de imprensa do evento, j\u00e1 est\u00e3o pr\u00e9-inscritos 600 atletas, com expectativa de, at\u00e9 o encerramento das inscri\u00e7\u00f5es, alcan\u00e7arem a marca de 1000 atletas e estimativa geral de p\u00fablico de 1500 pessoas.<\/p>\n<p>As inscri\u00e7\u00f5es e demais informa\u00e7\u00f5es do evento pode ser acessada atrav\u00e9s do site <a href=\"www.jesuswarriorsbrasil.com\" target=\"_blank\">www.jesuswarriorsbrasil.com<\/a><\/p>\n","protected":false},"excerpt":{"rendered":"<p>A rede internacional de evangelismo Jesus Warriors realizar\u00e1, de 20 de agosto a 12 de setembro, a segunda edi\u00e7\u00e3o do JOERN (Jogos Evang\u00e9lico do Rio Grande do Norte), que tem por objetivo fazer a integra\u00e7\u00e3o entre as igrejas e comunidades evang\u00e9licas do Rio Grande do Norte e promover o esporte e a sa\u00fade. A abertura [&hellip;]<\/p>\n","protected":false},"author":19,"featured_media":0,"comment_status":"open","ping_status":"open","sticky":false,"template":"","format":"standard","meta":{"ngg_post_thumbnail":0,"footnotes":""},"categories":[172],"tags":[],"class_list":["post-1016","post","type-post","status-publish","format-standard","hentry","category-agenda"],"_links":{"self":[{"href":"https:\/\/ultimato.com.br\/sites\/jovem\/wp-json\/wp\/v2\/posts\/1016","targetHints":{"allow":["GET"]}}],"collection":[{"href":"https:\/\/ultimato.com.br\/sites\/jovem\/wp-json\/wp\/v2\/posts"}],"about":[{"href":"https:\/\/ultimato.com.br\/sites\/jovem\/wp-json\/wp\/v2\/types\/post"}],"author":[{"embeddable":true,"href":"https:\/\/ultimato.com.br\/sites\/jovem\/wp-json\/wp\/v2\/users\/19"}],"replies":[{"embeddable":true,"href":"https:\/\/ultimato.com.br\/sites\/jovem\/wp-json\/wp\/v2\/comments?post=1016"}],"version-history":[{"count":2,"href":"https:\/\/ultimato.com.br\/sites\/jovem\/wp-json\/wp\/v2\/posts\/1016\/revisions"}],"predecessor-version":[{"id":1061,"href":"https:\/\/ultimato.com.br\/sites\/jovem\/wp-json\/wp\/v2\/posts\/1016\/revisions\/1061"}],"wp:attachment":[{"href":"https:\/\/ultimato.com.br\/sites\/jovem\/wp-json\/wp\/v2\/media?parent=1016"}],"wp:term":[{"taxonomy":"category","embeddable":true,"href":"https:\/\/ultimato.com.br\/sites\/jovem\/wp-json\/wp\/v2\/categories?post=1016"},{"taxonomy":"post_tag","embeddable":true,"href":"https:\/\/ultimato.com.br\/sites\/jovem\/wp-json\/wp\/v2\/tags?post=1016"}],"curies":[{"name":"wp","href":"https:\/\/api.w.org\/{rel}","templated":true}]}}