{"id":585,"date":"2016-02-19T08:21:20","date_gmt":"2016-02-19T11:21:20","guid":{"rendered":"http:\/\/ultimato.com.br\/sites\/john-stott\/?p=585"},"modified":"2022-07-05T11:47:43","modified_gmt":"2022-07-05T14:47:43","slug":"o-discipulo-radical-e-tema-no-instagram","status":"publish","type":"post","link":"https:\/\/ultimato.com.br\/sites\/john-stott\/2016\/02\/19\/o-discipulo-radical-e-tema-no-instagram\/","title":{"rendered":"\u201cO Disc\u00edpulo Radical\u201d \u00e9 tema no Instagram"},"content":{"rendered":"<p><a href=\"http:\/\/ultimato.com.br\/sites\/john-stott\/files\/2016\/02\/discipulo_radical.jpg\" class=\"lightview\" data-lightview-group=\"group-585\" data-lightview-options=\"skin: 'dark', controls: 'relative', padding: '10', shadow: { color: '#000000', opacity: 0.08, blur: 3 }\" rel=\"attachment wp-att-586\"><img loading=\"lazy\" decoding=\"async\" class=\"alignright size-full wp-image-586\" src=\"http:\/\/ultimato.com.br\/sites\/john-stott\/files\/2016\/02\/discipulo_radical.jpg\" alt=\"discipulo_radical\" width=\"180\" height=\"270\" srcset=\"https:\/\/ultimato.com.br\/sites\/john-stott\/files\/2016\/02\/discipulo_radical.jpg 180w, https:\/\/ultimato.com.br\/sites\/john-stott\/files\/2016\/02\/discipulo_radical-100x150.jpg 100w\" sizes=\"auto, (max-width: 180px) 100vw, 180px\" \/><\/a>Veio de um leitor no Instagram a resenha abaixo sobre o livro <a href=\"http:\/\/www.ultimato.com.br\/loja\/produtos\/o-discipulo-radical\">O Disc\u00edpulo Radical,<\/a> de John Stott. Confira!<\/p>\n<p>***<\/p>\n<p>Nos tempos atuais, o termo radical assusta um pouco. Essa palavra tem origem no latim e significa \u201craiz\u201d, &#8220;cujas opini\u00f5es v\u00e3o \u00e0s ra\u00edzes e que s\u00e3o extremos em seu compromisso&#8221;. Dentro disso, John Stott prop\u00f5e oito caracter\u00edsticas do discipulado crist\u00e3o que merecem ser levadas a s\u00e9rio. \u201cDeus est\u00e1 convocando um povo para si e o desafiando a ser diferente de todos.\u201d N\u00f3s, como igreja, temos a responsabilidade de viver, servir e testemunhar no mundo, n\u00e3o sendo contaminado por ele.<\/p>\n<p>N\u00e3o sendo somente mais um no meio da multid\u00e3o, mas fazendo a diferen\u00e7a, sendo cada vez mais semelhantes com Cristo, por isso em Antioquia as primeiras pessoas foram chamadas de crist\u00e3os, pois suas a\u00e7\u00f5es eram id\u00eanticas \u00e0s de Cristo. \u201cSe afirmamos ser crist\u00e3os, devemos ser como Cristo\u201d.<\/p>\n<p>A chave \u00e9 viver coerente com o que pregamos, sendo Jesus nosso espelho da verdade, n\u00e3o cometendo o erro do \u201cfa\u00e7a o que digo, mas n\u00e3o fa\u00e7a o que fa\u00e7o\u201d. Por essa e outras atitudes temos negligenciado o evangelho. Um professor hindu disse: \u201cse voc\u00eas, crist\u00e3os, vivessem como Jesus Cristo, a \u00cdndia estaria aos seus p\u00e9s amanh\u00e3\u201d.<\/p>\n<p>Rei George V, do Reino Unido, dizia ao seu filho: \u201cMeu filho querido, voc\u00ea deve sempre se lembrar de quem \u00e9, pois se voc\u00ea se lembrar de sua identidade, se comportar\u00e1 de acordo com ela\u201d.<\/p>\n<p>Este livro tem mudado a minha vida. Que essas poucas palavras te desafiem a viver um cristianismo aut\u00eantico, ser um disc\u00edpulo radical.<\/p>\n<p><a href=\"https:\/\/www.instagram.com\/explore\/tags\/livro\/\">#livro<\/a> <a href=\"https:\/\/www.instagram.com\/explore\/tags\/livros\/\">#livros<\/a> <a href=\"https:\/\/www.instagram.com\/explore\/tags\/indicacao\/\">#indicacao<\/a> <a href=\"https:\/\/www.instagram.com\/explore\/tags\/johnsttot\/\">#Johnsttot<\/a> <a href=\"https:\/\/www.instagram.com\/explore\/tags\/leitura\/\">#leitura<\/a> <a href=\"https:\/\/www.instagram.com\/explore\/tags\/livrocristao\/\">#livrocristao<\/a> <a href=\"https:\/\/www.instagram.com\/explore\/tags\/superindico\/\">#superindico<\/a><\/p>\n<p><strong>Nota:<\/strong><br \/>\nResenha escrita pelos editores da p\u00e1gina \u201cO C\u00e9u Est\u00e1 ao Nosso Redor\u201d. O autor do texto n\u00e3o foi identificado.<\/p>\n<blockquote><p><img loading=\"lazy\" decoding=\"async\" class=\"wp-image-2222 alignleft\" src=\"https:\/\/ultimato.com.br\/sites\/john-stott\/files\/2016\/02\/capa_EB_discipulo_radical-200x300.jpg\" alt=\"\" width=\"150\" height=\"225\" srcset=\"https:\/\/ultimato.com.br\/sites\/john-stott\/files\/2016\/02\/capa_EB_discipulo_radical-200x300.jpg 200w, https:\/\/ultimato.com.br\/sites\/john-stott\/files\/2016\/02\/capa_EB_discipulo_radical.jpg 350w\" sizes=\"auto, (max-width: 150px) 100vw, 150px\" \/><\/p>\n<p>&nbsp;<\/p>\n<p>&#8220;<a href=\"https:\/\/www.amazon.com.br\/Disc%C3%ADpulo-Radical-B%C3%ADblicos-b%C3%ADblicos-Ultimato-ebook\/dp\/B0B44BW6XS\/ref=sr_1_2\">O Disc\u00edpulo Radical \u2013 Estudos B\u00edblicos<\/a>&#8221; apresenta 8 estudos b\u00edblicos desenvolvidos a partir de cada um dos 8 cap\u00edtulos do livro &#8220;<a href=\"https:\/\/www.ultimato.com.br\/loja\/produtos\/o-discipulo-radical\">O Disc\u00edpulo Radical<\/a>&#8220;, de John Stott, adequados para uso individual ou em grupo, para estudos dentro ou fora da igreja, bem como para o desenvolvimento pessoal, discipulado e o testemunho do Corpo de Cristo (Ef 4.11-32).<\/p>\n<p>&nbsp;<\/p>\n<p><i>Dispon\u00edvel nas plataformas: <a href=\"https:\/\/www.amazon.com.br\/Disc%C3%ADpulo-Radical-B%C3%ADblicos-b%C3%ADblicos-Ultimato-ebook\/dp\/B0B44BW6XS\/ref=sr_1_1?crid=2IFQZ8AED0QOL&amp;keywords=estudos+biblicos+ultimato&amp;qid=1656351253&amp;s=digital-text&amp;sprefix=%2Cdigital-text%2C164&amp;sr=1-1\">Amazon<\/a>, <a href=\"https:\/\/books.apple.com\/br\/book\/id6442987189\">Apple Books<\/a>, <a href=\"https:\/\/books.google.com.br\/books?id=_BZ1EAAAQBAJ&amp;newbks=0&amp;printsec=frontcover&amp;pg=PT3&amp;dq=o+discipulo+radical+estudos+biblicos&amp;hl=pt-BR&amp;source=newbks_fb&amp;redir_esc=y#v=onepage&amp;q=o%20discipulo%20radical%20estudos%20biblicos&amp;f=false\">Google Livros<\/a> e <a href=\"https:\/\/www.kobo.com\/br\/pt\/ebook\/o-discipulo-radical-estudos-biblicos\">Kobo<\/a><\/i>.<\/p>\n<p>&nbsp;<\/p><\/blockquote>\n","protected":false},"excerpt":{"rendered":"<p>Veio de um leitor no Instagram a resenha abaixo sobre o livro O Disc\u00edpulo Radical, de John Stott. Confira! *** Nos tempos atuais, o termo radical assusta um pouco. Essa palavra tem origem no latim e significa \u201craiz\u201d, &#8220;cujas opini\u00f5es v\u00e3o \u00e0s ra\u00edzes e que s\u00e3o extremos em seu compromisso&#8221;. Dentro disso, John Stott prop\u00f5e [&hellip;]<\/p>\n","protected":false},"author":21,"featured_media":0,"comment_status":"open","ping_status":"open","sticky":false,"template":"","format":"standard","meta":{"ngg_post_thumbnail":0,"footnotes":""},"categories":[14830],"tags":[28479,14853],"class_list":["post-585","post","type-post","status-publish","format-standard","hentry","category-meus-livros","tag-instagram","tag-o-discipulo-radical"],"_links":{"self":[{"href":"https:\/\/ultimato.com.br\/sites\/john-stott\/wp-json\/wp\/v2\/posts\/585","targetHints":{"allow":["GET"]}}],"collection":[{"href":"https:\/\/ultimato.com.br\/sites\/john-stott\/wp-json\/wp\/v2\/posts"}],"about":[{"href":"https:\/\/ultimato.com.br\/sites\/john-stott\/wp-json\/wp\/v2\/types\/post"}],"author":[{"embeddable":true,"href":"https:\/\/ultimato.com.br\/sites\/john-stott\/wp-json\/wp\/v2\/users\/21"}],"replies":[{"embeddable":true,"href":"https:\/\/ultimato.com.br\/sites\/john-stott\/wp-json\/wp\/v2\/comments?post=585"}],"version-history":[{"count":4,"href":"https:\/\/ultimato.com.br\/sites\/john-stott\/wp-json\/wp\/v2\/posts\/585\/revisions"}],"predecessor-version":[{"id":2241,"href":"https:\/\/ultimato.com.br\/sites\/john-stott\/wp-json\/wp\/v2\/posts\/585\/revisions\/2241"}],"wp:attachment":[{"href":"https:\/\/ultimato.com.br\/sites\/john-stott\/wp-json\/wp\/v2\/media?parent=585"}],"wp:term":[{"taxonomy":"category","embeddable":true,"href":"https:\/\/ultimato.com.br\/sites\/john-stott\/wp-json\/wp\/v2\/categories?post=585"},{"taxonomy":"post_tag","embeddable":true,"href":"https:\/\/ultimato.com.br\/sites\/john-stott\/wp-json\/wp\/v2\/tags?post=585"}],"curies":[{"name":"wp","href":"https:\/\/api.w.org\/{rel}","templated":true}]}}