{"id":487,"date":"2015-07-31T11:09:11","date_gmt":"2015-07-31T14:09:11","guid":{"rendered":"http:\/\/ultimato.com.br\/sites\/john-stott\/?p=487"},"modified":"2023-02-07T11:11:49","modified_gmt":"2023-02-07T14:11:49","slug":"esforco-intelectual-e-iluminacao-do-espirito-santo-sao-compativeis-no-estudo-das-escrituras","status":"publish","type":"post","link":"https:\/\/ultimato.com.br\/sites\/john-stott\/2015\/07\/31\/esforco-intelectual-e-iluminacao-do-espirito-santo-sao-compativeis-no-estudo-das-escrituras\/","title":{"rendered":"Esfor\u00e7o intelectual e ilumina\u00e7\u00e3o do Esp\u00edrito Santo s\u00e3o compat\u00edveis no estudo das Escrituras?"},"content":{"rendered":"<p><a href=\"http:\/\/ultimato.com.br\/sites\/john-stott\/files\/2015\/07\/JS_31_07_15_estudo_escrituras_pq.jpg\" class=\"lightview\" data-lightview-group=\"group-487\" data-lightview-options=\"skin: 'dark', controls: 'relative', padding: '10', shadow: { color: '#000000', opacity: 0.08, blur: 3 }\" data-lightview-title=\"Foto: Freeimages\"><img loading=\"lazy\" decoding=\"async\" class=\"alignright wp-image-488 size-full\" title=\"Foto: Freeimages\" src=\"http:\/\/ultimato.com.br\/sites\/john-stott\/files\/2015\/07\/JS_31_07_15_estudo_escrituras_pq.jpg\" alt=\"\" width=\"357\" height=\"268\" srcset=\"https:\/\/ultimato.com.br\/sites\/john-stott\/files\/2015\/07\/JS_31_07_15_estudo_escrituras_pq.jpg 357w, https:\/\/ultimato.com.br\/sites\/john-stott\/files\/2015\/07\/JS_31_07_15_estudo_escrituras_pq-300x225.jpg 300w, https:\/\/ultimato.com.br\/sites\/john-stott\/files\/2015\/07\/JS_31_07_15_estudo_escrituras_pq-150x113.jpg 150w\" sizes=\"auto, (max-width: 357px) 100vw, 357px\" \/><\/a>Se o Esp\u00edrito Santo \u00e9 o nosso primeiro e mais importante mestre, h\u00e1 certo sentido em que devamos, dentro mesmo de nossa depend\u00eancia do Esp\u00edrito Santo, ensinar tamb\u00e9m a n\u00f3s mesmos. Quer dizer, no processo divino de educa\u00e7\u00e3o n\u00e3o somos inteiramente passivos: \u00e9 esperado de n\u00f3s que utilizemos nossa raz\u00e3o de maneira respons\u00e1vel. Pois na leitura da Escritura a ilumina\u00e7\u00e3o divina n\u00e3o substitui o empenho humano. Tampouco, \u00e9 a humildade na busca de luz da parte de Deus incompat\u00edvel com a mais disciplinada aplica\u00e7\u00e3o no estudo.<\/p>\n<p>A pr\u00f3pria Escritura d\u00e1 grande \u00eanfase ao consciencioso uso crist\u00e3o da mente, n\u00e3o, \u00e9 claro, a fim de julgar a Palavra de Deus, mas antes para submeter-se a ela, lutar com ela, compreend\u00ea-la e relacion\u00e1-la ao cen\u00e1rio contempor\u00e2neo. De fato, h\u00e1 frequentes cr\u00edticas na Escritura ao fato de ficarmos esquecendo nossa racionalidade b\u00e1sica de seres humanos feitos \u00e0 imagem de Deus e nos comportarmos \u201ccomo o cavalo ou a mula, sem entendimento\u201d (Sl 32.9).<\/p>\n<p>Pois Jesus repreende a falta de entendimento dos ap\u00f3stolos e o insucesso deles em fazer uso do senso comum (p. ex., Mc 8.17-21). Ele repreendeu as multid\u00f5es de forma similar:<\/p>\n<p><em>E por que n\u00e3o julgais tamb\u00e9m por v\u00f3s mesmos o que \u00e9 justo?<\/em><br \/>\n<em>\u2014 Lucas 12.57<\/em><\/p>\n<p>Esse mandamento, \u201cjulguem por voc\u00eas mesmos\u201d, \u00e9 proeminente em especial na primeira ep\u00edstola de Paulo aos cor\u00edntios. Aqui est\u00e1 uma igreja que alardeava grande sabedoria, mas fracassava em exibi-la. Vez ap\u00f3s outra Paulo pergunta incredulamente: \u201cN\u00e3o sabeis?\u201d (1Co 3.16; 5.6; 6.2-3, 9, 15-16, 19) e introduz sua instru\u00e7\u00e3o apost\u00f3lica com f\u00f3rmulas como: \u201cN\u00e3o quero que ignoreis\u201d (p. ex., 1Co 10.1; 12.1). Ele deixa claro que, se a pessoa natural ou n\u00e3o regenerada \u00e9 incapaz de compreender a verdade de Deus, a pessoa espiritual ou regenerada \u201cjulga todas as coisas\u201d. Quer dizer, o que a pessoa natural n\u00e3o \u00e9 capaz de discernir a pessoa espiritual pode e discerne, porque ela \u00e9 habitada e governada pelo Esp\u00edrito Santo e tem assim \u201ca mente de Cristo\u201d (1Co 2.14-16).<\/p>\n<p>Essa convic\u00e7\u00e3o leva Paulo, na mesma ep\u00edstola aos cor\u00edntios, a apelar para a raz\u00e3o de seus leitores. Ele escreve:<\/p>\n<p><em>Falo como a criteriosos; julgai v\u00f3s mesmos o que digo.<\/em><br \/>\n<em>\u2014 1 Cor\u00edntios 10.15<\/em><\/p>\n<p>Em outras cartas do Novo Testamento, exorta\u00e7\u00f5es similares aparecem. Os crist\u00e3os devem \u201ctestar os esp\u00edritos\u201d (isto \u00e9, mestres humanos que alegam inspira\u00e7\u00e3o divina) e devem de fato testar tudo o que ouvem (1Jo 4.1). Igualmente, quando diante de decis\u00f5es \u00e9ticas dif\u00edceis, devem dedicar suas mentes ao problema, at\u00e9 que \u201ccada um tenha opini\u00e3o bem-definida em sua pr\u00f3pria mente\u201d (Rm 14.5). \u00c9 marca da maturidade crist\u00e3 ter nossas faculdades exercitadas \u201cpela pr\u00e1tica [&#8230;] para discernir n\u00e3o somente o bem, mas tamb\u00e9m o mal\u201d (Hb 5.14).<\/p>\n<p>Devemos, portanto, levar a s\u00e9rio essa prescri\u00e7\u00e3o b\u00edblica de colocar em uso nossas faculdades racionais e cr\u00edticas. N\u00e3o devemos enxergar a ora\u00e7\u00e3o e o uso da raz\u00e3o como meios opostos e alternativos para nossa compreens\u00e3o da Escritura: devemos combin\u00e1-los. Daniel no Antigo Testamento e Paulo no Novo s\u00e3o dois bons exemplos desse equil\u00edbrio:<\/p>\n<p><em>N\u00e3o temas, Daniel, porque, desde o primeiro dia em que aplicaste o cora\u00e7\u00e3o a compreender e a humilhar-te perante o teu Deus, foram ouvidas as tuas palavras.<\/em><br \/>\n<em>\u2014 Daniel 10.12<\/em><\/p>\n<p><em>Pondera o que acabo de dizer, porque o Senhor te dar\u00e1 compreens\u00e3o em todas as coisas.<\/em><br \/>\n<em>\u2014 2 Tim\u00f3teo 2.7<\/em><\/p>\n<p><a href=\"http:\/\/ultimato.com.br\/sites\/para-entender-biblia\/\"><img loading=\"lazy\" decoding=\"async\" class=\"alignright wp-image-477 size-medium\" src=\"http:\/\/ultimato.com.br\/sites\/john-stott\/files\/2015\/07\/capa_para_entender_preview_3-220x300.jpg\" alt=\"capa_para_entender_preview_3\" width=\"220\" height=\"300\" srcset=\"https:\/\/ultimato.com.br\/sites\/john-stott\/files\/2015\/07\/capa_para_entender_preview_3-220x300.jpg 220w, https:\/\/ultimato.com.br\/sites\/john-stott\/files\/2015\/07\/capa_para_entender_preview_3-110x150.jpg 110w, https:\/\/ultimato.com.br\/sites\/john-stott\/files\/2015\/07\/capa_para_entender_preview_3.jpg 235w\" sizes=\"auto, (max-width: 220px) 100vw, 220px\" \/><\/a>N\u00e3o basta nos humilharmos diante de Deus e esperar dele compreens\u00e3o; devemos tamb\u00e9m dedicar nossa mente a compreender a Escritura e ponderar sobre o que est\u00e1 escrito nela. Como diz Charles Simeon:<\/p>\n<p>Tendo em vista a obten\u00e7\u00e3o de conhecimento divino, somos instru\u00eddos a combinar a depend\u00eancia do Esp\u00edrito de Deus com nossas pr\u00f3prias pesquisas. O que Deus uniu dessa forma, portanto, n\u00e3o tentemos separar<a href=\"#_ftn1\" name=\"_ftnref1\">[1]<\/a>.<\/p>\n<p>Algumas vezes nosso crescimento na compreens\u00e3o \u00e9 inibido por uma autoconfian\u00e7a orgulhosa e distante da ora\u00e7\u00e3o, mas outras vezes por pura pregui\u00e7a e indisciplina. Aqueles que desejam crescer no conhecimento de Deus devem humilhar-se diante do Esp\u00edrito da verdade e empenhar-se a uma vida inteira de estudo.<\/p>\n<h6><strong>Nota<\/strong><br \/>\n<a href=\"#_ftnref1\" name=\"_ftn1\">[1]<\/a> Serm\u00e3o 975 em <em>Horae Homileticae <\/em>(1819)<\/h6>\n<pre>Trecho do livro <strong><a href=\"http:\/\/ultimato.com.br\/sites\/para-entender-biblia\/\" target=\"_blank\" rel=\"noopener noreferrer\">Para entender a B\u00edblia<\/a><\/strong>, de John Stott (p.181 \u2013 183).<\/pre>\n<hr \/>\n<p><a href=\"https:\/\/www.ultimato.com.br\/loja\/produtos\/a-vida-em-cristo\" target=\"_blank\" rel=\"noopener\"><img loading=\"lazy\" decoding=\"async\" class=\"alignleft wp-image-2020\" src=\"http:\/\/ultimato.com.br\/sites\/john-stott\/files\/2019\/11\/capa_vida_cristo_web2-201x300.jpg\" alt=\"\" width=\"141\" height=\"211\" srcset=\"https:\/\/ultimato.com.br\/sites\/john-stott\/files\/2019\/11\/capa_vida_cristo_web2-201x300.jpg 201w, https:\/\/ultimato.com.br\/sites\/john-stott\/files\/2019\/11\/capa_vida_cristo_web2.jpg 240w\" sizes=\"auto, (max-width: 141px) 100vw, 141px\" \/><\/a><\/p>\n<div><\/div>\n<div>\n<p><strong><span style=\"color: #808000;\">A VIDA EM CRISTO | JOHN STOTT<\/span><\/strong><\/p>\n<\/div>\n<div>\n<p>A f\u00e9 crist\u00e3 e a vida crist\u00e3 aut\u00eanticas t\u00eam como base a centralidade de Jesus Cristo. O que isso significa?<\/p>\n<p>Pr\u00e1tico e f\u00e1cil de ler, <strong><a href=\"https:\/\/www.ultimato.com.br\/loja\/produtos\/a-vida-em-cristo\" target=\"_blank\" rel=\"noopener\">A VIDA EM CRISTO<\/a><\/strong> apresenta as implica\u00e7\u00f5es da vida crist\u00e3 a partir das \u201cpreposi\u00e7\u00f5es\u201d usadas no Novo Testamento. Para John Stott, viver em Cristo, por meio de Cristo, sob Cristo, com Cristo, por Cristo e para Cristo mostra os diferentes aspectos do relacionamento com ele e, em cada caso, com o pr\u00f3prio Jesus Cristo no centro.<\/p>\n<\/div>\n","protected":false},"excerpt":{"rendered":"<p>Se o Esp\u00edrito Santo \u00e9 o nosso primeiro e mais importante mestre, h\u00e1 certo sentido em que devamos, dentro mesmo de nossa depend\u00eancia do Esp\u00edrito Santo, ensinar tamb\u00e9m a n\u00f3s mesmos. Quer dizer, no processo divino de educa\u00e7\u00e3o n\u00e3o somos inteiramente passivos: \u00e9 esperado de n\u00f3s que utilizemos nossa raz\u00e3o de maneira respons\u00e1vel. Pois na [&hellip;]<\/p>\n","protected":false},"author":21,"featured_media":0,"comment_status":"open","ping_status":"open","sticky":false,"template":"","format":"standard","meta":{"ngg_post_thumbnail":0,"footnotes":""},"categories":[14852],"tags":[26193,14901],"class_list":["post-487","post","type-post","status-publish","format-standard","hentry","category-leia-um-trecho","tag-escrituras","tag-para-entender-a-biblia"],"_links":{"self":[{"href":"https:\/\/ultimato.com.br\/sites\/john-stott\/wp-json\/wp\/v2\/posts\/487","targetHints":{"allow":["GET"]}}],"collection":[{"href":"https:\/\/ultimato.com.br\/sites\/john-stott\/wp-json\/wp\/v2\/posts"}],"about":[{"href":"https:\/\/ultimato.com.br\/sites\/john-stott\/wp-json\/wp\/v2\/types\/post"}],"author":[{"embeddable":true,"href":"https:\/\/ultimato.com.br\/sites\/john-stott\/wp-json\/wp\/v2\/users\/21"}],"replies":[{"embeddable":true,"href":"https:\/\/ultimato.com.br\/sites\/john-stott\/wp-json\/wp\/v2\/comments?post=487"}],"version-history":[{"count":9,"href":"https:\/\/ultimato.com.br\/sites\/john-stott\/wp-json\/wp\/v2\/posts\/487\/revisions"}],"predecessor-version":[{"id":2072,"href":"https:\/\/ultimato.com.br\/sites\/john-stott\/wp-json\/wp\/v2\/posts\/487\/revisions\/2072"}],"wp:attachment":[{"href":"https:\/\/ultimato.com.br\/sites\/john-stott\/wp-json\/wp\/v2\/media?parent=487"}],"wp:term":[{"taxonomy":"category","embeddable":true,"href":"https:\/\/ultimato.com.br\/sites\/john-stott\/wp-json\/wp\/v2\/categories?post=487"},{"taxonomy":"post_tag","embeddable":true,"href":"https:\/\/ultimato.com.br\/sites\/john-stott\/wp-json\/wp\/v2\/tags?post=487"}],"curies":[{"name":"wp","href":"https:\/\/api.w.org\/{rel}","templated":true}]}}