{"id":344,"date":"2014-03-24T10:23:03","date_gmt":"2014-03-24T13:23:03","guid":{"rendered":"http:\/\/ultimato.com.br\/sites\/john-stott\/?p=344"},"modified":"2014-03-24T10:24:44","modified_gmt":"2014-03-24T13:24:44","slug":"ele-recomenda","status":"publish","type":"post","link":"https:\/\/ultimato.com.br\/sites\/john-stott\/2014\/03\/24\/ele-recomenda\/","title":{"rendered":"Ele recomenda"},"content":{"rendered":"<p>&#8220;<a href=\"http:\/\/ultimato.com.br\/sites\/cristaos-desafios-contemporaneos\/\" target=\"_blank\">Os Crist\u00e3os \u00e9 os Desafios Contempor\u00e2neos<\/a> \u00e9 um lan\u00e7amento fant\u00e1stico da Editora Ultimato, de John Stott. Encomende j\u00e1 o seu exemplar. Recomendo especialmente para estudo em c\u00edrculos de juventude e universit\u00e1rios. Atual\u00edssimo!&#8221;<\/p>\n<p data-ft=\"{&quot;tn&quot;:&quot;C&quot;}\"><em><a id=\"js_14\" href=\"https:\/\/www.facebook.com\/prgillis?hc_location=timeline\" data-hovercard=\"\/ajax\/hovercard\/user.php?id=1014774249&amp;extragetparams=%7B%22hc_location%22%3A%22timeline%22%7D\">Christian Gillis<\/a>\u00a0(via Facebook), pastor da Igreja Batista da Reden\u00e7\u00e3o, em Belo Horizonte (MG) e integrante do Conselho Gestor da Alian\u00e7a Evang\u00e9lica.<\/em><\/p>\n<p data-ft=\"{&quot;tn&quot;:&quot;C&quot;}\">\n<p style=\"text-align: center;\" data-ft=\"{&quot;tn&quot;:&quot;C&quot;}\"><a href=\"http:\/\/ultimato.com.br\/sites\/john-stott\/files\/2014\/03\/Recomenda.jpg\" class=\"lightview\" data-lightview-group=\"group-344\" data-lightview-options=\"skin: 'dark', controls: 'relative', padding: '10', shadow: { color: '#000000', opacity: 0.08, blur: 3 }\"><img loading=\"lazy\" decoding=\"async\" class=\"aligncenter  wp-image-345\" alt=\"Recomenda\" src=\"http:\/\/ultimato.com.br\/sites\/john-stott\/files\/2014\/03\/Recomenda.jpg\" width=\"465\" height=\"442\" srcset=\"https:\/\/ultimato.com.br\/sites\/john-stott\/files\/2014\/03\/Recomenda.jpg 517w, https:\/\/ultimato.com.br\/sites\/john-stott\/files\/2014\/03\/Recomenda-300x284.jpg 300w, https:\/\/ultimato.com.br\/sites\/john-stott\/files\/2014\/03\/Recomenda-150x142.jpg 150w\" sizes=\"auto, (max-width: 465px) 100vw, 465px\" \/><\/a><\/p>\n","protected":false},"excerpt":{"rendered":"<p>&#8220;Os Crist\u00e3os \u00e9 os Desafios Contempor\u00e2neos \u00e9 um lan\u00e7amento fant\u00e1stico da Editora Ultimato, de John Stott. Encomende j\u00e1 o seu exemplar. Recomendo especialmente para estudo em c\u00edrculos de juventude e universit\u00e1rios. Atual\u00edssimo!&#8221; Christian Gillis\u00a0(via Facebook), pastor da Igreja Batista da Reden\u00e7\u00e3o, em Belo Horizonte (MG) e integrante do Conselho Gestor da Alian\u00e7a Evang\u00e9lica.<\/p>\n","protected":false},"author":21,"featured_media":0,"comment_status":"open","ping_status":"open","sticky":false,"template":"","format":"standard","meta":{"ngg_post_thumbnail":0,"footnotes":""},"categories":[14830],"tags":[14893],"class_list":["post-344","post","type-post","status-publish","format-standard","hentry","category-meus-livros","tag-recomenda"],"_links":{"self":[{"href":"https:\/\/ultimato.com.br\/sites\/john-stott\/wp-json\/wp\/v2\/posts\/344","targetHints":{"allow":["GET"]}}],"collection":[{"href":"https:\/\/ultimato.com.br\/sites\/john-stott\/wp-json\/wp\/v2\/posts"}],"about":[{"href":"https:\/\/ultimato.com.br\/sites\/john-stott\/wp-json\/wp\/v2\/types\/post"}],"author":[{"embeddable":true,"href":"https:\/\/ultimato.com.br\/sites\/john-stott\/wp-json\/wp\/v2\/users\/21"}],"replies":[{"embeddable":true,"href":"https:\/\/ultimato.com.br\/sites\/john-stott\/wp-json\/wp\/v2\/comments?post=344"}],"version-history":[{"count":3,"href":"https:\/\/ultimato.com.br\/sites\/john-stott\/wp-json\/wp\/v2\/posts\/344\/revisions"}],"predecessor-version":[{"id":348,"href":"https:\/\/ultimato.com.br\/sites\/john-stott\/wp-json\/wp\/v2\/posts\/344\/revisions\/348"}],"wp:attachment":[{"href":"https:\/\/ultimato.com.br\/sites\/john-stott\/wp-json\/wp\/v2\/media?parent=344"}],"wp:term":[{"taxonomy":"category","embeddable":true,"href":"https:\/\/ultimato.com.br\/sites\/john-stott\/wp-json\/wp\/v2\/categories?post=344"},{"taxonomy":"post_tag","embeddable":true,"href":"https:\/\/ultimato.com.br\/sites\/john-stott\/wp-json\/wp\/v2\/tags?post=344"}],"curies":[{"name":"wp","href":"https:\/\/api.w.org\/{rel}","templated":true}]}}