{"id":277,"date":"2013-05-03T14:22:03","date_gmt":"2013-05-03T17:22:03","guid":{"rendered":"http:\/\/ultimato.com.br\/sites\/john-stott\/?p=277"},"modified":"2013-05-03T14:22:03","modified_gmt":"2013-05-03T17:22:03","slug":"o-john-stott-de-nariz-empinado-as-emocoes-e-o-deus-emotivo","status":"publish","type":"post","link":"https:\/\/ultimato.com.br\/sites\/john-stott\/2013\/05\/03\/o-john-stott-de-nariz-empinado-as-emocoes-e-o-deus-emotivo\/","title":{"rendered":"O John Stott de nariz empinado (As emo\u00e7\u00f5es e o Deus emotivo)"},"content":{"rendered":"<p><a href=\"http:\/\/ultimato.com.br\/sites\/john-stott\/files\/2013\/05\/JS_03_05_13_Cacto.jpg\" class=\"lightview\" data-lightview-group=\"group-277\" data-lightview-options=\"skin: 'dark', controls: 'relative', padding: '10', shadow: { color: '#000000', opacity: 0.08, blur: 3 }\"><img loading=\"lazy\" decoding=\"async\" class=\"alignright size-full wp-image-278\" alt=\"JS_03_05_13_Cacto\" src=\"http:\/\/ultimato.com.br\/sites\/john-stott\/files\/2013\/05\/JS_03_05_13_Cacto.jpg\" width=\"250\" height=\"340\" srcset=\"https:\/\/ultimato.com.br\/sites\/john-stott\/files\/2013\/05\/JS_03_05_13_Cacto.jpg 250w, https:\/\/ultimato.com.br\/sites\/john-stott\/files\/2013\/05\/JS_03_05_13_Cacto-220x300.jpg 220w, https:\/\/ultimato.com.br\/sites\/john-stott\/files\/2013\/05\/JS_03_05_13_Cacto-110x150.jpg 110w\" sizes=\"auto, (max-width: 250px) 100vw, 250px\" \/><\/a>Meus leitores provavelmente nem suspeitam que eu seja uma pessoa emotiva. Pois \u00e9. Eu sou um daqueles cavalheiros ingleses frios e distantes, descendente de n\u00f3rdicos dur\u00f5es e de rudes anglo-sax\u00f5es, sem nenhum tra\u00e7o de calor celta ou latino em meu sangue. Com tal ascend\u00eancia, j\u00e1 era de se esperar que eu fosse um sujeito t\u00edmido, reservado e de nariz empinado. Al\u00e9m disso, fui educado em uma escola inglesa muito elitizada cuja filosofia era \u201caguenta firme\u201d. Isto \u00e9, j\u00e1 que uma tremidinha no l\u00e1bio superior \u00e9 o primeiro sinal vis\u00edvel de emo\u00e7\u00e3o, a tradi\u00e7\u00e3o era endurec\u00ea-lo. Ensinaram-me as virtudes dignas de um homem \u2013 coragem, for\u00e7a e autodisciplina \u2013 e me advertiram que, sempre que por algum acaso eu sentisse alguma emo\u00e7\u00e3o, nunca deveria deixar transparecer. Chorar era estritamente para mulheres e apenas para crian\u00e7as, nunca para homens.<\/p>\n<p>Mas a\u00ed eu fui apresentado a Jesus Cristo. Para minha surpresa, descobri que Deus, cuja \u201cimpassibilidade\u201d, segundo eu pensava, significava que ele era incapaz de qualquer emo\u00e7\u00e3o, fala (se bem que em termos humanos) de sua ira ardente e do seu amor vulner\u00e1vel (por exemplo, Os 11.8-9). Descobri tamb\u00e9m que Jesus de Nazar\u00e9, o perfeito ser humano, n\u00e3o era um \u201cmach\u00e3o dur\u00e3o\u201d, um asceta sem emo\u00e7\u00f5es. Pelo contr\u00e1rio, li que ele expulsou os hip\u00f3critas com raiva, que ele olhou para um jovem l\u00edder rico e o amou, que tanto podia regozijar-se em esp\u00edrito como suar gotas de sangue em agonia espiritual, vivia se compadecendo das pessoas e at\u00e9 rompeu em l\u00e1grimas duas vezes em p\u00fablico.<\/p>\n<p>Com todas estas evid\u00eancias, \u00e9 \u00f3bvio que nossas emo\u00e7\u00f5es n\u00e3o s\u00e3o para serem reprimidas, j\u00e1 que elas t\u00eam um lugar essencial em nossa natureza humana e, portanto, em nosso discipulado crist\u00e3o.<\/p>\n<p>_____________<br \/>\n<strong>John Stott<\/strong>. Trecho de \u201cMente e Emo\u00e7\u00f5es\u201d (cap\u00edtulo 7 do livro \u201c<a href=\"http:\/\/www.ultimato.com.br\/loja\/produtos\/ouca-o-espirito-ouca-o-mundo\" target=\"_blank\">Ou\u00e7a o Esp\u00edrito, Ou\u00e7a o Mundo<\/a>\u201d, p. 134-135). ABU Editora. 2005.<\/p>\n<p>&nbsp;<\/p>\n","protected":false},"excerpt":{"rendered":"<p>Meus leitores provavelmente nem suspeitam que eu seja uma pessoa emotiva. Pois \u00e9. Eu sou um daqueles cavalheiros ingleses frios e distantes, descendente de n\u00f3rdicos dur\u00f5es e de rudes anglo-sax\u00f5es, sem nenhum tra\u00e7o de calor celta ou latino em meu sangue. Com tal ascend\u00eancia, j\u00e1 era de se esperar que eu fosse um sujeito t\u00edmido, [&hellip;]<\/p>\n","protected":false},"author":21,"featured_media":0,"comment_status":"open","ping_status":"open","sticky":false,"template":"","format":"standard","meta":{"ngg_post_thumbnail":0,"footnotes":""},"categories":[14852],"tags":[5668,14878],"class_list":["post-277","post","type-post","status-publish","format-standard","hentry","category-leia-um-trecho","tag-john-stott","tag-trecho-de-livros"],"_links":{"self":[{"href":"https:\/\/ultimato.com.br\/sites\/john-stott\/wp-json\/wp\/v2\/posts\/277","targetHints":{"allow":["GET"]}}],"collection":[{"href":"https:\/\/ultimato.com.br\/sites\/john-stott\/wp-json\/wp\/v2\/posts"}],"about":[{"href":"https:\/\/ultimato.com.br\/sites\/john-stott\/wp-json\/wp\/v2\/types\/post"}],"author":[{"embeddable":true,"href":"https:\/\/ultimato.com.br\/sites\/john-stott\/wp-json\/wp\/v2\/users\/21"}],"replies":[{"embeddable":true,"href":"https:\/\/ultimato.com.br\/sites\/john-stott\/wp-json\/wp\/v2\/comments?post=277"}],"version-history":[{"count":1,"href":"https:\/\/ultimato.com.br\/sites\/john-stott\/wp-json\/wp\/v2\/posts\/277\/revisions"}],"predecessor-version":[{"id":279,"href":"https:\/\/ultimato.com.br\/sites\/john-stott\/wp-json\/wp\/v2\/posts\/277\/revisions\/279"}],"wp:attachment":[{"href":"https:\/\/ultimato.com.br\/sites\/john-stott\/wp-json\/wp\/v2\/media?parent=277"}],"wp:term":[{"taxonomy":"category","embeddable":true,"href":"https:\/\/ultimato.com.br\/sites\/john-stott\/wp-json\/wp\/v2\/categories?post=277"},{"taxonomy":"post_tag","embeddable":true,"href":"https:\/\/ultimato.com.br\/sites\/john-stott\/wp-json\/wp\/v2\/tags?post=277"}],"curies":[{"name":"wp","href":"https:\/\/api.w.org\/{rel}","templated":true}]}}