{"id":273,"date":"2013-04-26T11:40:11","date_gmt":"2013-04-26T14:40:11","guid":{"rendered":"http:\/\/ultimato.com.br\/sites\/john-stott\/?p=273"},"modified":"2013-04-26T11:40:11","modified_gmt":"2013-04-26T14:40:11","slug":"sob-a-palavra-no-mundo","status":"publish","type":"post","link":"https:\/\/ultimato.com.br\/sites\/john-stott\/2013\/04\/26\/sob-a-palavra-no-mundo\/","title":{"rendered":"Sob a Palavra, no mundo"},"content":{"rendered":"<p><strong><em>Com exclusividade, leia um trecho do livro de Stott ainda in\u00e9dito em portugu\u00eas<\/em><\/strong><\/p>\n<p>&nbsp;<\/p>\n<p>Antecipamos, com exclusividade em portugu\u00eas, um trecho de \u201cIssues Facing Christians Today\u201d, livro de John Stott publicado na d\u00e9cada de 80, e que a Ultimato publicar\u00e1 neste ano.<\/p>\n<p>**<\/p>\n<div id=\"attachment_274\" style=\"width: 233px\" class=\"wp-caption alignright\"><a href=\"http:\/\/ultimato.com.br\/sites\/john-stott\/files\/2013\/04\/JS_26_04_13_capa_issues.jpg\" class=\"lightview\" data-lightview-group=\"group-273\" data-lightview-options=\"skin: 'dark', controls: 'relative', padding: '10', shadow: { color: '#000000', opacity: 0.08, blur: 3 }\"><img loading=\"lazy\" decoding=\"async\" aria-describedby=\"caption-attachment-274\" class=\"size-full wp-image-274\" alt=\"Capa do livro de Stott ainda in\u00e9dito em portugu\u00eas\" src=\"http:\/\/ultimato.com.br\/sites\/john-stott\/files\/2013\/04\/JS_26_04_13_capa_issues.jpg\" width=\"223\" height=\"340\" srcset=\"https:\/\/ultimato.com.br\/sites\/john-stott\/files\/2013\/04\/JS_26_04_13_capa_issues.jpg 223w, https:\/\/ultimato.com.br\/sites\/john-stott\/files\/2013\/04\/JS_26_04_13_capa_issues-196x300.jpg 196w, https:\/\/ultimato.com.br\/sites\/john-stott\/files\/2013\/04\/JS_26_04_13_capa_issues-98x150.jpg 98w\" sizes=\"auto, (max-width: 223px) 100vw, 223px\" \/><\/a><p id=\"caption-attachment-274\" class=\"wp-caption-text\">Capa do livro de Stott ainda in\u00e9dito em portugu\u00eas<\/p><\/div>\n<p>Come\u00e7o com um comprometimento com a B\u00edblia como \u201cPalavra escrita de Deus\u201d, que \u00e9 a sua descri\u00e7\u00e3o nos artigos anglicanos e como ela tem sido recebida por quase todas as igrejas at\u00e9 recentemente. Essa \u00e9 a pressuposi\u00e7\u00e3o b\u00e1sica deste livro; n\u00e3o faz parte do meu objetivo aqui argument\u00e1-la. Mas n\u00f3s, crist\u00e3os, temos um segundo comprometimento, com o mundo no qual Deus nos colocou. E nossos dois compromissos muitas vezes parecem conflitantes. Por ser uma cole\u00e7\u00e3o de documentos que se relacionam a eventos distantes e particulares, a B\u00edblia d\u00e1 uma impress\u00e3o arcaica. Parece incompat\u00edvel com nossa cultura ocidental, com suas sondas espaciais e microprocessadores. Como qualquer outro crist\u00e3o, me sinto preso na dolorosa tens\u00e3o entre esses dois mundos. Eles est\u00e3o h\u00e1 s\u00e9culos de dist\u00e2ncia. Todavia, tenho procurado resistir \u00e0 tenta\u00e7\u00e3o de me afastar de qualquer um deles em sujei\u00e7\u00e3o ao outro.<\/p>\n<p>Alguns crist\u00e3os, ansiosos, sobretudo por serem fi\u00e9is \u00e0 revela\u00e7\u00e3o de Deus sem concess\u00f5es, ignoram os desafios do mundo moderno e vivem no passado. Outros, ansiosos por reagir ao mundo ao seu redor, podam e torcem a revela\u00e7\u00e3o de Deus em sua procura por pertin\u00eancia. Tenho lutado para evitar ambas as armadilhas. Pois o crist\u00e3o tem uma condi\u00e7\u00e3o livre, que lhe permite n\u00e3o se render \u00e0 antiguidade nem \u00e0 modernidade. Pelo contr\u00e1rio, tenho procurado com integridade submeter tudo \u00e0 revela\u00e7\u00e3o de ontem, dentro das realidades de hoje. N\u00e3o \u00e9 f\u00e1cil aliar lealdade ao passado com sensibilidade ao presente. Por\u00e9m, esse \u00e9 o nosso chamado crist\u00e3o: viver, sob a Palavra, no mundo.<\/p>\n<p><strong>_________<br \/>\nJohn Stott<\/strong> \u2013 Trecho do Pref\u00e1cio da primeira edi\u00e7\u00e3o de \u201cIssues Facing Christians Today\u201d.<\/p>\n<p>&nbsp;<\/p>\n","protected":false},"excerpt":{"rendered":"<p>Com exclusividade, leia um trecho do livro de Stott ainda in\u00e9dito em portugu\u00eas &nbsp; Antecipamos, com exclusividade em portugu\u00eas, um trecho de \u201cIssues Facing Christians Today\u201d, livro de John Stott publicado na d\u00e9cada de 80, e que a Ultimato publicar\u00e1 neste ano. ** Come\u00e7o com um comprometimento com a B\u00edblia como \u201cPalavra escrita de Deus\u201d, [&hellip;]<\/p>\n","protected":false},"author":21,"featured_media":0,"comment_status":"open","ping_status":"open","sticky":false,"template":"","format":"standard","meta":{"ngg_post_thumbnail":0,"footnotes":""},"categories":[14831],"tags":[5668,7633,14878],"class_list":["post-273","post","type-post","status-publish","format-standard","hentry","category-estudos-textos","tag-john-stott","tag-mundo","tag-trecho-de-livros"],"_links":{"self":[{"href":"https:\/\/ultimato.com.br\/sites\/john-stott\/wp-json\/wp\/v2\/posts\/273","targetHints":{"allow":["GET"]}}],"collection":[{"href":"https:\/\/ultimato.com.br\/sites\/john-stott\/wp-json\/wp\/v2\/posts"}],"about":[{"href":"https:\/\/ultimato.com.br\/sites\/john-stott\/wp-json\/wp\/v2\/types\/post"}],"author":[{"embeddable":true,"href":"https:\/\/ultimato.com.br\/sites\/john-stott\/wp-json\/wp\/v2\/users\/21"}],"replies":[{"embeddable":true,"href":"https:\/\/ultimato.com.br\/sites\/john-stott\/wp-json\/wp\/v2\/comments?post=273"}],"version-history":[{"count":2,"href":"https:\/\/ultimato.com.br\/sites\/john-stott\/wp-json\/wp\/v2\/posts\/273\/revisions"}],"predecessor-version":[{"id":276,"href":"https:\/\/ultimato.com.br\/sites\/john-stott\/wp-json\/wp\/v2\/posts\/273\/revisions\/276"}],"wp:attachment":[{"href":"https:\/\/ultimato.com.br\/sites\/john-stott\/wp-json\/wp\/v2\/media?parent=273"}],"wp:term":[{"taxonomy":"category","embeddable":true,"href":"https:\/\/ultimato.com.br\/sites\/john-stott\/wp-json\/wp\/v2\/categories?post=273"},{"taxonomy":"post_tag","embeddable":true,"href":"https:\/\/ultimato.com.br\/sites\/john-stott\/wp-json\/wp\/v2\/tags?post=273"}],"curies":[{"name":"wp","href":"https:\/\/api.w.org\/{rel}","templated":true}]}}