{"id":255,"date":"2013-03-21T09:24:31","date_gmt":"2013-03-21T12:24:31","guid":{"rendered":"http:\/\/ultimato.com.br\/sites\/john-stott\/?p=255"},"modified":"2013-03-21T09:24:31","modified_gmt":"2013-03-21T12:24:31","slug":"selecao-de-frases-viii","status":"publish","type":"post","link":"https:\/\/ultimato.com.br\/sites\/john-stott\/2013\/03\/21\/selecao-de-frases-viii\/","title":{"rendered":"Sele\u00e7\u00e3o de frases VIII"},"content":{"rendered":"<blockquote><p>Nem toda culpa \u00e9 falsa culpa&#8221;.<\/p><\/blockquote>\n<blockquote><p>O pecado \u00e9 precisamente o reverso da ordem: eu primeiro, o pr\u00f3ximo o seguinte (quando isso me conv\u00e9m) e Deus em algum lugar (se \u00e9 que em algum lugar), num cen\u00e1rio bem distante&#8221;.<\/p><\/blockquote>\n<blockquote><p>\nOs temores s\u00e3o como fungos: crescem mais rapidamente no escuro. Portanto, precisamos traz\u00ea-los para a luz, especialmente para a luz da suprema vit\u00f3ria de Jesus Cristo, sua morte, ressurrei\u00e7\u00e3o e exalta\u00e7\u00e3o&#8221;.<\/p><\/blockquote>\n<blockquote><p>\nO destino do cosmos n\u00e3o \u00e9 um \u201cc\u00e9u\u201d et\u00e9reo, mas um universo recriado. E a ressurrei\u00e7\u00e3o de Jesus \u00e9 a base de ambas as expectativas&#8221;.<\/p><\/blockquote>\n<blockquote><p>Para que eu seja eu mesmo, tenho de negar-me a mim mesmo e dar de mim em amor a Deus e aos outros. A fim de ser livre, tenho de servir. A fim de viver, tenho de morrer para a minha pr\u00f3pria autocentralidade. A fim de me encontrar, tenho de perder a mim mesmo no amor&#8221;.<\/p><\/blockquote>\n<p>Frases retiradas do livro\u00a0<a href=\"http:\/\/www.ultimato.com.br\/loja\/produtos\/por-que-sou-cristao\" target=\"_blank\">Por que sou crist\u00e3o<\/a>.<\/p>\n","protected":false},"excerpt":{"rendered":"<p>Nem toda culpa \u00e9 falsa culpa&#8221;. O pecado \u00e9 precisamente o reverso da ordem: eu primeiro, o pr\u00f3ximo o seguinte (quando isso me conv\u00e9m) e Deus em algum lugar (se \u00e9 que em algum lugar), num cen\u00e1rio bem distante&#8221;. Os temores s\u00e3o como fungos: crescem mais rapidamente no escuro. Portanto, precisamos traz\u00ea-los para a luz, [&hellip;]<\/p>\n","protected":false},"author":21,"featured_media":0,"comment_status":"open","ping_status":"open","sticky":false,"template":"","format":"standard","meta":{"ngg_post_thumbnail":0,"footnotes":""},"categories":[5566],"tags":[],"class_list":["post-255","post","type-post","status-publish","format-standard","hentry","category-frases"],"_links":{"self":[{"href":"https:\/\/ultimato.com.br\/sites\/john-stott\/wp-json\/wp\/v2\/posts\/255","targetHints":{"allow":["GET"]}}],"collection":[{"href":"https:\/\/ultimato.com.br\/sites\/john-stott\/wp-json\/wp\/v2\/posts"}],"about":[{"href":"https:\/\/ultimato.com.br\/sites\/john-stott\/wp-json\/wp\/v2\/types\/post"}],"author":[{"embeddable":true,"href":"https:\/\/ultimato.com.br\/sites\/john-stott\/wp-json\/wp\/v2\/users\/21"}],"replies":[{"embeddable":true,"href":"https:\/\/ultimato.com.br\/sites\/john-stott\/wp-json\/wp\/v2\/comments?post=255"}],"version-history":[{"count":1,"href":"https:\/\/ultimato.com.br\/sites\/john-stott\/wp-json\/wp\/v2\/posts\/255\/revisions"}],"predecessor-version":[{"id":256,"href":"https:\/\/ultimato.com.br\/sites\/john-stott\/wp-json\/wp\/v2\/posts\/255\/revisions\/256"}],"wp:attachment":[{"href":"https:\/\/ultimato.com.br\/sites\/john-stott\/wp-json\/wp\/v2\/media?parent=255"}],"wp:term":[{"taxonomy":"category","embeddable":true,"href":"https:\/\/ultimato.com.br\/sites\/john-stott\/wp-json\/wp\/v2\/categories?post=255"},{"taxonomy":"post_tag","embeddable":true,"href":"https:\/\/ultimato.com.br\/sites\/john-stott\/wp-json\/wp\/v2\/tags?post=255"}],"curies":[{"name":"wp","href":"https:\/\/api.w.org\/{rel}","templated":true}]}}