{"id":253,"date":"2013-02-22T16:13:57","date_gmt":"2013-02-22T19:13:57","guid":{"rendered":"http:\/\/ultimato.com.br\/sites\/john-stott\/?p=253"},"modified":"2013-02-22T16:13:57","modified_gmt":"2013-02-22T19:13:57","slug":"ecumenicos-versus-evangelicos","status":"publish","type":"post","link":"https:\/\/ultimato.com.br\/sites\/john-stott\/2013\/02\/22\/ecumenicos-versus-evangelicos\/","title":{"rendered":"Ecum\u00eanicos versus evang\u00e9licos"},"content":{"rendered":"<p>Estamos todos conscientes de que, durante os \u00faltimos anos, especialmente a partir da Quarta Assembleia do Conselho Mundial de Igrejas, em Uppsala, em 1968, as rela\u00e7\u00f5es entre crist\u00e3os evang\u00e9licos e ecum\u00eanicos (se posso usar esses termos como uma abrevia\u00e7\u00e3o conveniente, pois reconhe\u00e7o que eles n\u00e3o s\u00e3o de forma alguma mutuamente excludentes) t\u00eam evolu\u00eddo para algo parecido com uma confronta\u00e7\u00e3o. N\u00e3o desejo piorar esta situa\u00e7\u00e3o. E espero tamb\u00e9m n\u00e3o recorrer \u00e0 estrat\u00e9gia d\u00fabia de colocar alguns pinos ecum\u00eanicos a postos para derrub\u00e1-los com bolas evang\u00e9licas certeiras, de forma que possamos aplaudir nossa vit\u00f3ria f\u00e1cil!<\/p>\n<p>Veja bem, acredito que algumas ideias ecum\u00eanicas s\u00e3o erradas. Por\u00e9m, por outro lado, creio que algumas de nossas formula\u00e7\u00f5es evang\u00e9licas tradicionais tamb\u00e9m s\u00e3o erradas. Muitos crist\u00e3os ecum\u00eanicos n\u00e3o parecem ter come\u00e7ado a aprender como viver sob a autoridade das Escrituras. N\u00f3s, evang\u00e9licos, pensamos que sabemos \u2014 e n\u00e3o h\u00e1 d\u00favida de que queremos isso com sinceridade \u2014, mas em v\u00e1rias situa\u00e7\u00f5es somos muito seletivos em nossa submiss\u00e3o e, em outras, as tradi\u00e7\u00f5es dos evang\u00e9licos mais antigos parecem ser mais fruto da cultura do que da Escritura.<\/p>\n<p><strong>John Stott<\/strong><\/p>\n<p><em>(trecho da introdu\u00e7\u00e3o de <a href=\"http:\/\/www.ultimato.com.br\/loja\/produtos\/a-missao-crista-no-mundo-moderno\" target=\"_blank\">Miss\u00e3o Crist\u00e3o no Mundo Moderno<\/a>, Editora Ultimato, p 14).<\/em><\/p>\n<p>&nbsp;<\/p>\n","protected":false},"excerpt":{"rendered":"<p>Estamos todos conscientes de que, durante os \u00faltimos anos, especialmente a partir da Quarta Assembleia do Conselho Mundial de Igrejas, em Uppsala, em 1968, as rela\u00e7\u00f5es entre crist\u00e3os evang\u00e9licos e ecum\u00eanicos (se posso usar esses termos como uma abrevia\u00e7\u00e3o conveniente, pois reconhe\u00e7o que eles n\u00e3o s\u00e3o de forma alguma mutuamente excludentes) t\u00eam evolu\u00eddo para algo [&hellip;]<\/p>\n","protected":false},"author":21,"featured_media":0,"comment_status":"open","ping_status":"open","sticky":false,"template":"","format":"standard","meta":{"ngg_post_thumbnail":0,"footnotes":""},"categories":[114],"tags":[],"class_list":["post-253","post","type-post","status-publish","format-standard","hentry","category-artigos"],"_links":{"self":[{"href":"https:\/\/ultimato.com.br\/sites\/john-stott\/wp-json\/wp\/v2\/posts\/253","targetHints":{"allow":["GET"]}}],"collection":[{"href":"https:\/\/ultimato.com.br\/sites\/john-stott\/wp-json\/wp\/v2\/posts"}],"about":[{"href":"https:\/\/ultimato.com.br\/sites\/john-stott\/wp-json\/wp\/v2\/types\/post"}],"author":[{"embeddable":true,"href":"https:\/\/ultimato.com.br\/sites\/john-stott\/wp-json\/wp\/v2\/users\/21"}],"replies":[{"embeddable":true,"href":"https:\/\/ultimato.com.br\/sites\/john-stott\/wp-json\/wp\/v2\/comments?post=253"}],"version-history":[{"count":1,"href":"https:\/\/ultimato.com.br\/sites\/john-stott\/wp-json\/wp\/v2\/posts\/253\/revisions"}],"predecessor-version":[{"id":254,"href":"https:\/\/ultimato.com.br\/sites\/john-stott\/wp-json\/wp\/v2\/posts\/253\/revisions\/254"}],"wp:attachment":[{"href":"https:\/\/ultimato.com.br\/sites\/john-stott\/wp-json\/wp\/v2\/media?parent=253"}],"wp:term":[{"taxonomy":"category","embeddable":true,"href":"https:\/\/ultimato.com.br\/sites\/john-stott\/wp-json\/wp\/v2\/categories?post=253"},{"taxonomy":"post_tag","embeddable":true,"href":"https:\/\/ultimato.com.br\/sites\/john-stott\/wp-json\/wp\/v2\/tags?post=253"}],"curies":[{"name":"wp","href":"https:\/\/api.w.org\/{rel}","templated":true}]}}