{"id":236,"date":"2013-01-03T09:01:07","date_gmt":"2013-01-03T12:01:07","guid":{"rendered":"http:\/\/ultimato.com.br\/sites\/john-stott\/?p=236"},"modified":"2022-07-05T11:48:16","modified_gmt":"2022-07-05T14:48:16","slug":"o-discipulo-radical-2","status":"publish","type":"post","link":"https:\/\/ultimato.com.br\/sites\/john-stott\/2013\/01\/03\/o-discipulo-radical-2\/","title":{"rendered":"O Disc\u00edpulo Radical"},"content":{"rendered":"<blockquote>\n<h4><a href=\"https:\/\/ultimato.com.br\/sites\/john-stott\/files\/2013\/01\/blog_stott_discipulo-radical.png\" class=\"lightview\" data-lightview-group=\"group-236\" data-lightview-options=\"skin: 'dark', controls: 'relative', padding: '10', shadow: { color: '#000000', opacity: 0.08, blur: 3 }\"><img loading=\"lazy\" decoding=\"async\" class=\"alignright size-medium wp-image-2079\" src=\"https:\/\/ultimato.com.br\/sites\/john-stott\/files\/2013\/01\/blog_stott_discipulo-radical-273x300.png\" alt=\"\" width=\"273\" height=\"300\" srcset=\"https:\/\/ultimato.com.br\/sites\/john-stott\/files\/2013\/01\/blog_stott_discipulo-radical-273x300.png 273w, https:\/\/ultimato.com.br\/sites\/john-stott\/files\/2013\/01\/blog_stott_discipulo-radical.png 545w\" sizes=\"auto, (max-width: 273px) 100vw, 273px\" \/><\/a>Disc\u00edpulos ou crist\u00e3os?<\/h4>\n<\/blockquote>\n<p>Deixe-me explicar e justificar o titulo deste livro*, <strong><a href=\"https:\/\/www.ultimato.com.br\/loja\/produtos\/o-discipulo-radical\" target=\"_blank\" rel=\"noopener\">O Disc\u00edpulo Radical<\/a><\/strong>.<\/p>\n<p>Em primeiro lugar, porque &#8220;disc\u00edpulo&#8221;?<\/p>\n<p>Para muitos, descobri que, no Novo Testamento, os seguidores de Jesus Cristo s\u00e3o chamados de &#8220;crist\u00e3os&#8221; apenas tr\u00eas vezes, \u00e9 uma grande surpresa.<\/p>\n<p>A ocorr\u00eancia mais significativa \u00e9 o coment\u00e1rio de Lucas explicando que foi em Antioquia da S\u00edria que os disc\u00edpulos de Jesus foram chamados de &#8220;crist\u00e3os&#8221; pela primeira vez (At 11.26). Antioquia era conhecida como uma comunidade internacional. Consequentemente, a igreja tamb\u00e9m era uma comunidade internacional e seus membros eram adequadamente chamados de &#8220;crist\u00e3os&#8221; para indicar que as diferen\u00e7as \u00e9tnicas eram superadas por lealdade comum a Cristo.<\/p>\n<p>As outras duas ocorr\u00eancias da palavra &#8220;crist\u00e3o&#8221; evidenciam que seu uso estava ficando mais comum. Assim, quando Paulo, que estava sendo julgado diante do rei Agripa, o desafiou diretamente, Agripa clamou&#8217;: &#8220;Por pouco me persuades a me fazer crist\u00e3o&#8221; (At 26.28).<\/p>\n<p>Depois, o ap\u00f3stolo Pedro, cuja primeira carta foi escrita em um contexto de persegui\u00e7\u00e3o crescente, achou necess\u00e1rio fazer distin\u00e7\u00e3o entre aqueles que sofriam &#8220;como criminosos&#8221; e aqueles que sofriam &#8220;como crist\u00e3os&#8221; (1Pe 4.15-16), isto \u00e9, por pertencerem a Cristo. Ambas as palavras (crist\u00e3os e disc\u00edpulo) implicam relacionamento com Jesus. Por\u00e9m, &#8220;disc\u00edpulo&#8221; talvez seja mais forte, pois inevitavelmente implica relacionamento entre aluno e professor. Durante os tr\u00eas anos de minist\u00e9rio p\u00fablico, os doze foram disc\u00edpulo antes de serem ap\u00f3stolos e, como disc\u00edpulos, estavam sob a instru\u00e7\u00e3o de seus Mestre e Senhor.<\/p>\n<p>Talvez, de alguma forma, dever\u00edamos ter continuado a usar a palavra &#8220;disc\u00edpulo&#8221; nos s\u00e9culos seguintes, para que os crist\u00e3os fossem disc\u00edpulos de Jesus de maneira consciente e levassem a s\u00e9rio a responsabilidade de estar &#8220;sob disciplina&#8221;.<\/p>\n<p><!--more--><\/p>\n<p>Meu interesse com este livro \u00e9 que n\u00f3s, que afirmamos ser disc\u00edpulos do Senhor Jesus, n\u00e3o o provoquemos a dizer: &#8220;Por que chamais Senhor, Senhor, e n\u00e3o fazeis o que vos mando?&#8221;(Lc 6.46). O discipulado genu\u00edno \u00e9 um discipulado sincero \u2013 e \u00e9 da\u00ed que surge a pr\u00f3xima palavra.<\/p>\n<p>Em segundo lugar, por que &#8220;radical&#8221;? Sendo esse o adjetivo usado para descrever nosso discipulado, \u00e9 importante indicar o sentido no qual o utilizo.<\/p>\n<p>A palavra &#8220;radical&#8221; \u00e9 derivada do latim <em>radix<\/em>, raiz. Originalmente, parece ter sido utilizada como r\u00f3tulo pol\u00edtico para pessoas como William Cobertt, pol\u00edtico do s\u00e9culo 19, e seus pontos de vista extremos, liberais e reformistas. Assim, vem da\u00ed o uso geral para se referir \u00e0queles cujas opini\u00f5es v\u00e3o \u00e1s ra\u00edzes e que s\u00e3o extremos em seus compromisso.<\/p>\n<p>Agora estamos prontos para unir o substantivo e o adjetivo e fazer a terceira pergunta: por que &#8220;disc\u00edpulo radical&#8221;? A resposta \u00e9 obvia. Exitem diferentes n\u00edveis de comprometimento na comunidade crist\u00e3. O pr\u00f3prio Jesus ilustra isso ao explicar o que aconteceu com as sementes que descreve na Par\u00e1bola do Semeador.\u00b9 A diferen\u00e7a entre as sementes est\u00e1 no tipo de solo que as recebeu. A respeito da semente em solo rochoso, Jesus diz: &#8220;N\u00e3o tinha raiz&#8221;<\/p>\n<p>Geralmente evitamos o discipulado radical sendo seletivo: escolhemos as \u00e1reas nas quais o compromisso nos conv\u00e9m e ficamos distantes daquela nas quais nosso envolvimento nos custar\u00e1 muito. Por\u00e9m, por Jesus ser Senhor, n\u00e3o temos o direito de escolher as \u00e1reas nas quais nos submetemos \u00e1 sua autoridade.<\/p>\n<p style=\"padding-left: 40px;\">Jesus \u00e9 digno de receber<br \/>\nHonra e poder divino<br \/>\nE b\u00ean\u00e7\u00e3o mais que n\u00e3o podemos dar<br \/>\nSejam, Senhor, para sempre tuas.\u00b2<\/p>\n<p>Assim, meu prop\u00f3sito neste livro \u00e9 considerar oito caracter\u00edsticas do discipulado crist\u00e3o que, apesar\u00a0 de serem frequentemente negligenciadas, merecem ser levadas a s\u00e9rio.<\/p>\n<p>&nbsp;<\/p>\n<h6><strong>Notas:<\/strong><\/h6>\n<h6>1-Mateus 13.3-23; Marcos 4.3-20; Lucas 8.4-15.<\/h6>\n<h6>2- &#8220;Come, let us join our cheerful song&#8221;, Issac Watts (1674 \u2013 1748).<\/h6>\n<p>&nbsp;<\/p>\n<p>* Texto originalmente publicado como pref\u00e1cio do livro <strong><a href=\"https:\/\/www.ultimato.com.br\/loja\/produtos\/o-discipulo-radical\" target=\"_blank\" rel=\"noopener\">O Disc\u00edpulo Radical<\/a><\/strong>, de John Stott, Editora Ultimato.<\/p>\n<blockquote><p><img loading=\"lazy\" decoding=\"async\" class=\"wp-image-2222 alignleft\" src=\"https:\/\/ultimato.com.br\/sites\/john-stott\/files\/2016\/02\/capa_EB_discipulo_radical-200x300.jpg\" alt=\"\" width=\"150\" height=\"225\" srcset=\"https:\/\/ultimato.com.br\/sites\/john-stott\/files\/2016\/02\/capa_EB_discipulo_radical-200x300.jpg 200w, https:\/\/ultimato.com.br\/sites\/john-stott\/files\/2016\/02\/capa_EB_discipulo_radical.jpg 350w\" sizes=\"auto, (max-width: 150px) 100vw, 150px\" \/><\/p>\n<p>&nbsp;<\/p>\n<p>&#8220;<a href=\"https:\/\/www.amazon.com.br\/Disc%C3%ADpulo-Radical-B%C3%ADblicos-b%C3%ADblicos-Ultimato-ebook\/dp\/B0B44BW6XS\/ref=sr_1_2\">O Disc\u00edpulo Radical \u2013 Estudos B\u00edblicos<\/a>&#8221; apresenta 8 estudos b\u00edblicos desenvolvidos a partir de cada um dos 8 cap\u00edtulos do livro &#8220;<a href=\"https:\/\/www.ultimato.com.br\/loja\/produtos\/o-discipulo-radical\">O Disc\u00edpulo Radical<\/a>&#8220;, de John Stott, adequados para uso individual ou em grupo, para estudos dentro ou fora da igreja, bem como para o desenvolvimento pessoal, discipulado e o testemunho do Corpo de Cristo (Ef 4.11-32).<\/p>\n<p>&nbsp;<\/p>\n<p><i>Dispon\u00edvel nas plataformas: <a href=\"https:\/\/www.amazon.com.br\/Disc%C3%ADpulo-Radical-B%C3%ADblicos-b%C3%ADblicos-Ultimato-ebook\/dp\/B0B44BW6XS\/ref=sr_1_1?crid=2IFQZ8AED0QOL&amp;keywords=estudos+biblicos+ultimato&amp;qid=1656351253&amp;s=digital-text&amp;sprefix=%2Cdigital-text%2C164&amp;sr=1-1\">Amazon<\/a>, <a href=\"https:\/\/books.apple.com\/br\/book\/id6442987189\">Apple Books<\/a>, <a href=\"https:\/\/books.google.com.br\/books?id=_BZ1EAAAQBAJ&amp;newbks=0&amp;printsec=frontcover&amp;pg=PT3&amp;dq=o+discipulo+radical+estudos+biblicos&amp;hl=pt-BR&amp;source=newbks_fb&amp;redir_esc=y#v=onepage&amp;q=o%20discipulo%20radical%20estudos%20biblicos&amp;f=false\">Google Livros<\/a> e <a href=\"https:\/\/www.kobo.com\/br\/pt\/ebook\/o-discipulo-radical-estudos-biblicos\">Kobo<\/a><\/i>.<\/p>\n<p>&nbsp;<\/p><\/blockquote>\n","protected":false},"excerpt":{"rendered":"<p>Disc\u00edpulos ou crist\u00e3os? Deixe-me explicar e justificar o titulo deste livro*, O Disc\u00edpulo Radical. Em primeiro lugar, porque &#8220;disc\u00edpulo&#8221;? Para muitos, descobri que, no Novo Testamento, os seguidores de Jesus Cristo s\u00e3o chamados de &#8220;crist\u00e3os&#8221; apenas tr\u00eas vezes, \u00e9 uma grande surpresa. A ocorr\u00eancia mais significativa \u00e9 o coment\u00e1rio de Lucas explicando que foi em [&hellip;]<\/p>\n","protected":false},"author":21,"featured_media":0,"comment_status":"open","ping_status":"open","sticky":false,"template":"","format":"standard","meta":{"ngg_post_thumbnail":0,"footnotes":""},"categories":[14831],"tags":[],"class_list":["post-236","post","type-post","status-publish","format-standard","hentry","category-estudos-textos"],"_links":{"self":[{"href":"https:\/\/ultimato.com.br\/sites\/john-stott\/wp-json\/wp\/v2\/posts\/236","targetHints":{"allow":["GET"]}}],"collection":[{"href":"https:\/\/ultimato.com.br\/sites\/john-stott\/wp-json\/wp\/v2\/posts"}],"about":[{"href":"https:\/\/ultimato.com.br\/sites\/john-stott\/wp-json\/wp\/v2\/types\/post"}],"author":[{"embeddable":true,"href":"https:\/\/ultimato.com.br\/sites\/john-stott\/wp-json\/wp\/v2\/users\/21"}],"replies":[{"embeddable":true,"href":"https:\/\/ultimato.com.br\/sites\/john-stott\/wp-json\/wp\/v2\/comments?post=236"}],"version-history":[{"count":15,"href":"https:\/\/ultimato.com.br\/sites\/john-stott\/wp-json\/wp\/v2\/posts\/236\/revisions"}],"predecessor-version":[{"id":2242,"href":"https:\/\/ultimato.com.br\/sites\/john-stott\/wp-json\/wp\/v2\/posts\/236\/revisions\/2242"}],"wp:attachment":[{"href":"https:\/\/ultimato.com.br\/sites\/john-stott\/wp-json\/wp\/v2\/media?parent=236"}],"wp:term":[{"taxonomy":"category","embeddable":true,"href":"https:\/\/ultimato.com.br\/sites\/john-stott\/wp-json\/wp\/v2\/categories?post=236"},{"taxonomy":"post_tag","embeddable":true,"href":"https:\/\/ultimato.com.br\/sites\/john-stott\/wp-json\/wp\/v2\/tags?post=236"}],"curies":[{"name":"wp","href":"https:\/\/api.w.org\/{rel}","templated":true}]}}