{"id":226,"date":"2012-12-07T08:31:11","date_gmt":"2012-12-07T11:31:11","guid":{"rendered":"http:\/\/ultimato.com.br\/sites\/john-stott\/?p=226"},"modified":"2012-12-07T08:33:23","modified_gmt":"2012-12-07T11:33:23","slug":"louco-e-quem-me-diz","status":"publish","type":"post","link":"https:\/\/ultimato.com.br\/sites\/john-stott\/2012\/12\/07\/louco-e-quem-me-diz\/","title":{"rendered":"Louco \u00e9 quem me diz?"},"content":{"rendered":"<p>&#8220;Acabei de fazer uma grande descoberta. O Todo-Poderoso teve dois filhos. Jesus Cristo foi o primeiro; eu sou o segundo\u201d. \u00c9 assim que John Stott abre o terceiro cap\u00edtulo do seu\u00a0<a href=\"http:\/\/www.ultimato.com.br\/loja\/produtos\/cristianismo-basico\" target=\"_blank\"><span style=\"color: #3366ff;\">Cristianismo B\u00e1sico<\/span><\/a>. Claro, a \u201cdescoberta\u201d n\u00e3o \u00e9 do autor. Trata-se de uma das cartas recebidas por ele, enviada de um conhecido hospital para doentes mentais da Inglaterra.<\/p>\n<p>Talvez, como afirma Stott, \u201cuma certa ingenuidade em Jesus\u201d \u00e9, digamos, a porta aberta para os loucos, e outros nem tanto, se arvorarem como filhos, herdeiros e at\u00e9 mesmo leg\u00edtimos representantes do Filho do Homem. E a P\u00e1scoa n\u00e3o pode ser comemorada se n\u00e3o sabemos por que ou por quem a celebramos. Ali\u00e1s, qualquer coisa que tenha aspecto institucional \u00e9 objeto de rejei\u00e7\u00e3o. A igreja, os ritos, o envergonhado sinal da cruz e, quase caindo em desuso, at\u00e9 mesmo a Semana Santa.<\/p>\n<p>\u00c9 bom voltar ao come\u00e7o. \u00c0s bases do cristianismo. Nas palavras do autor ingl\u00eas, \u201cN\u00e3o \u00e9 poss\u00edvel sustentar que as afirma\u00e7\u00f5es do carpinteiro de Nazar\u00e9 s\u00e3o inven\u00e7\u00e3o ou exagero dos autores dos evangelhos [&#8230;]. Jesus n\u00e3o aparentava nenhuma anormalidade, o que seria de se esperar em uma pessoa perturbada. Seu car\u00e1ter sustenta suas declara\u00e7\u00f5es [&#8230;]. N\u00e3o o vemos como Deus disfar\u00e7ado de homem, nem como um homem com qualidades divinas, mas como homem e Deus. Jesus foi uma pessoa hist\u00f3rica, com duas naturezas distintas e perfeitas, a divina e a humana. S\u00f3 assim ele pode ser digno n\u00e3o apenas de nossa admira\u00e7\u00e3o, mas tamb\u00e9m de nossa adora\u00e7\u00e3o.\u201d<\/p>\n<p><!--more--><\/p>\n<p>Vale a pena ler e reler\u00a0<a href=\"http:\/\/www.ultimato.com.br\/loja\/produtos\/cristianismo-basico\" target=\"_blank\"><span style=\"color: #3366ff;\">Cristianismo B\u00e1sico<\/span><\/a>, um cl\u00e1ssico traduzido em muitas l\u00ednguas, incluindo chin\u00eas, japon\u00eas, russo e coreano, cujo autor foi indicado pela revista \u201cTime\u201d como uma das personalidades mais influentes do mundo.<\/p>\n<p><strong>Leia o que Ultimato publicou sobre o assunto<\/strong><br \/>\n\u2022\u00a0<a href=\"http:\/\/www.ultimato.com.br\/revista\/artigos\/263\/o-jesus-do-evangelho-nao-e-martir\" target=\"_blank\"><span style=\"color: #3366ff;\">O Jesus do evangelho n\u00e3o \u00e9 martir<\/span><\/a>, edi\u00e7\u00e3o n. 263<br \/>\n\u2022\u00a0<a href=\"http:\/\/www.ultimato.com.br\/revista\/artigos\/287\/nao-estamos-de-luto%20santa\" target=\"_blank\"><span style=\"color: #3366ff;\">N\u00e3o estamos de luto<\/span><\/a>, edi\u00e7\u00e3o n. 287<\/p>\n<p><strong>Leia o livro<\/strong><br \/>\n\u2022\u00a0<a href=\"http:\/\/www.ultimato.com.br\/loja\/produtos\/cristianismo-basico\" target=\"_blank\"><span style=\"color: #3366ff;\">Cristianismo B\u00e1sico<\/span><\/a>, John Stott<br \/>\n\u2022\u00a0<a href=\"http:\/\/www.ultimato.com.br\/loja\/produtos\/a-pessoa-mais-importante-do-mundo\" target=\"_blank\"><span style=\"color: #3366ff;\">A Pessoa Mais importante do Mundo<\/span><\/a>, Elben C\u00e9sar<\/p>\n<p>Para receber Ultimato em casa,\u00a0<a href=\"http:\/\/www.ultimato.com.br\/?pg=para_assinar&amp;area=assinar\" target=\"_blank\"><span style=\"color: #3366ff;\">assine aqui<\/span><\/a>.<\/p>\n<p>____________________<\/p>\n<p>* Texto de &#8220;prateleira&#8221; publicada no site Ultimato em abril de 2007.<\/p>\n","protected":false},"excerpt":{"rendered":"<p>&#8220;Acabei de fazer uma grande descoberta. O Todo-Poderoso teve dois filhos. Jesus Cristo foi o primeiro; eu sou o segundo\u201d. \u00c9 assim que John Stott abre o terceiro cap\u00edtulo do seu\u00a0Cristianismo B\u00e1sico. Claro, a \u201cdescoberta\u201d n\u00e3o \u00e9 do autor. Trata-se de uma das cartas recebidas por ele, enviada de um conhecido hospital para doentes mentais [&hellip;]<\/p>\n","protected":false},"author":21,"featured_media":0,"comment_status":"open","ping_status":"open","sticky":false,"template":"","format":"standard","meta":{"ngg_post_thumbnail":0,"footnotes":""},"categories":[114],"tags":[],"class_list":["post-226","post","type-post","status-publish","format-standard","hentry","category-artigos"],"_links":{"self":[{"href":"https:\/\/ultimato.com.br\/sites\/john-stott\/wp-json\/wp\/v2\/posts\/226","targetHints":{"allow":["GET"]}}],"collection":[{"href":"https:\/\/ultimato.com.br\/sites\/john-stott\/wp-json\/wp\/v2\/posts"}],"about":[{"href":"https:\/\/ultimato.com.br\/sites\/john-stott\/wp-json\/wp\/v2\/types\/post"}],"author":[{"embeddable":true,"href":"https:\/\/ultimato.com.br\/sites\/john-stott\/wp-json\/wp\/v2\/users\/21"}],"replies":[{"embeddable":true,"href":"https:\/\/ultimato.com.br\/sites\/john-stott\/wp-json\/wp\/v2\/comments?post=226"}],"version-history":[{"count":4,"href":"https:\/\/ultimato.com.br\/sites\/john-stott\/wp-json\/wp\/v2\/posts\/226\/revisions"}],"predecessor-version":[{"id":229,"href":"https:\/\/ultimato.com.br\/sites\/john-stott\/wp-json\/wp\/v2\/posts\/226\/revisions\/229"}],"wp:attachment":[{"href":"https:\/\/ultimato.com.br\/sites\/john-stott\/wp-json\/wp\/v2\/media?parent=226"}],"wp:term":[{"taxonomy":"category","embeddable":true,"href":"https:\/\/ultimato.com.br\/sites\/john-stott\/wp-json\/wp\/v2\/categories?post=226"},{"taxonomy":"post_tag","embeddable":true,"href":"https:\/\/ultimato.com.br\/sites\/john-stott\/wp-json\/wp\/v2\/tags?post=226"}],"curies":[{"name":"wp","href":"https:\/\/api.w.org\/{rel}","templated":true}]}}