{"id":203,"date":"2012-11-08T13:42:03","date_gmt":"2012-11-08T16:42:03","guid":{"rendered":"http:\/\/ultimato.com.br\/sites\/john-stott\/?p=203"},"modified":"2022-07-05T11:50:35","modified_gmt":"2022-07-05T14:50:35","slug":"o-discipulo-radical","status":"publish","type":"post","link":"https:\/\/ultimato.com.br\/sites\/john-stott\/2012\/11\/08\/o-discipulo-radical\/","title":{"rendered":"O disc\u00edpulo radical"},"content":{"rendered":"<p><a href=\"http:\/\/ultimato.com.br\/sites\/john-stott\/files\/2012\/11\/home_65.jpg\" class=\"lightview\" data-lightview-group=\"group-203\" data-lightview-options=\"skin: 'dark', controls: 'relative', padding: '10', shadow: { color: '#000000', opacity: 0.08, blur: 3 }\" data-lightview-title=\"home_65\"><img loading=\"lazy\" decoding=\"async\" class=\"alignleft size-full wp-image-206\" title=\"home_65\" src=\"http:\/\/ultimato.com.br\/sites\/john-stott\/files\/2012\/11\/home_65.jpg\" alt=\"\" width=\"199\" height=\"138\" srcset=\"https:\/\/ultimato.com.br\/sites\/john-stott\/files\/2012\/11\/home_65.jpg 199w, https:\/\/ultimato.com.br\/sites\/john-stott\/files\/2012\/11\/home_65-150x104.jpg 150w\" sizes=\"auto, (max-width: 199px) 100vw, 199px\" \/><\/a>Se John Stott fosse conhecido no mundo todo apenas como te\u00f3logo, escritor e evangelista, j\u00e1 seria surpreendente. Por\u00e9m, al\u00e9m disso e de ter sido indicado pela revista \u201c<em>Time<\/em>\u201d como uma das cem personalidades mais influentes do mundo, ele \u00e9 tamb\u00e9m o presidente honor\u00e1rio do <em>Movimento Lausanne<\/em> e um de seus pioneiros.<\/p>\n<p>Aos 88 anos e com a sa\u00fade debilitada, Stott n\u00e3o p\u00f4de comparecer ao congresso. Mas fez quest\u00e3o de enviar uma mensagem a todos os participantes, que foi publicada em oito idiomas no informativo do congresso:<\/p>\n<p>\u201cTenho agradecido a Deus, durante todos esses anos, pelo crescimento do <em>Movimento Lausanne<\/em> desde 1974 e pela maneira como ele o tem usado para a sua gl\u00f3ria. Agrade\u00e7o ainda mais a Deus pelo crescimento da igreja mundial durante esses anos, principalmente nos grandes continentes do mundo em desenvolvimento.<\/p>\n<p>Alegro-me com a realiza\u00e7\u00e3o do Congresso na \u00c1frica e oro para que voc\u00eas partilhem ricamente a b\u00ean\u00e7\u00e3o de Deus sobre a igreja nesse continente, assim como a dor e o sofrimento do seu povo.\u201d<br \/>\nApesar das limita\u00e7\u00f5es, John Stott mant\u00e9m uma invej\u00e1vel lucidez e senso de humor \u2014 e realiza suas atividades com a ajuda de Frances Whitehead, sua secret\u00e1ria por mais de cinquenta anos.<\/p>\n<p><!--more--><\/p>\n<p>Ap\u00f3s marcar gera\u00e7\u00f5es com livros como \u201c<em>Ou\u00e7a o Esp\u00edrito, Ou\u00e7a o Mundo<\/em>\u201d (ABU editora), escreveu suas \u201cpalavras de despedida\u201d em seu mais novo (e, segundo ele mesmo, o \u00faltimo) livro: \u201c<em>The Radical Disciple: Some Neglected Aspects of our calling<\/em>\u201d (InterVasity Press, 2010). No Brasil, o livro ser\u00e1 publicado pela editora <strong>Ultimato<\/strong>, em mar\u00e7o de 2011, com o t\u00edtulo \u201c<em>O Disc\u00edpulo Radical<\/em>\u201d.<\/p>\n<p>Stott explica o que significa ser um disc\u00edpulo radical de Jesus e explora oito aspectos importantes, mas negligenciados, do discipulado crist\u00e3o: n\u00e3o-conformidade, semelhan\u00e7a com Cristo, maturidade, cuidado com a cria\u00e7\u00e3o, simplicidade, equil\u00edbrio, depend\u00eancia e morte. Ele reflete sobre o significado de servir a Jesus sem reservas e deix\u00e1-lo dirigir nossa vida, cumprindo assim a tarefa de levar adiante o esp\u00edrito Lausanne.<\/p>\n<p>___________________<\/p>\n<p>Texto publicano da sess\u00e3o &#8220;Especial&#8221; da edi\u00e7\u00e3o 327 da revista Ultimato.<\/p>\n<blockquote><p><img loading=\"lazy\" decoding=\"async\" class=\"wp-image-2222 alignleft\" src=\"https:\/\/ultimato.com.br\/sites\/john-stott\/files\/2016\/02\/capa_EB_discipulo_radical-200x300.jpg\" alt=\"\" width=\"150\" height=\"225\" srcset=\"https:\/\/ultimato.com.br\/sites\/john-stott\/files\/2016\/02\/capa_EB_discipulo_radical-200x300.jpg 200w, https:\/\/ultimato.com.br\/sites\/john-stott\/files\/2016\/02\/capa_EB_discipulo_radical.jpg 350w\" sizes=\"auto, (max-width: 150px) 100vw, 150px\" \/><\/p>\n<p>&nbsp;<\/p>\n<p>&#8220;<a href=\"https:\/\/www.amazon.com.br\/Disc%C3%ADpulo-Radical-B%C3%ADblicos-b%C3%ADblicos-Ultimato-ebook\/dp\/B0B44BW6XS\/ref=sr_1_2\">O Disc\u00edpulo Radical \u2013 Estudos B\u00edblicos<\/a>&#8221; apresenta 8 estudos b\u00edblicos desenvolvidos a partir de cada um dos 8 cap\u00edtulos do livro &#8220;<a href=\"https:\/\/www.ultimato.com.br\/loja\/produtos\/o-discipulo-radical\">O Disc\u00edpulo Radical<\/a>&#8220;, de John Stott, adequados para uso individual ou em grupo, para estudos dentro ou fora da igreja, bem como para o desenvolvimento pessoal, discipulado e o testemunho do Corpo de Cristo (Ef 4.11-32).<\/p>\n<p>&nbsp;<\/p>\n<p><i>Dispon\u00edvel nas plataformas: <a href=\"https:\/\/www.amazon.com.br\/Disc%C3%ADpulo-Radical-B%C3%ADblicos-b%C3%ADblicos-Ultimato-ebook\/dp\/B0B44BW6XS\/ref=sr_1_1?crid=2IFQZ8AED0QOL&amp;keywords=estudos+biblicos+ultimato&amp;qid=1656351253&amp;s=digital-text&amp;sprefix=%2Cdigital-text%2C164&amp;sr=1-1\">Amazon<\/a>, <a href=\"https:\/\/books.apple.com\/br\/book\/id6442987189\">Apple Books<\/a>, <a href=\"https:\/\/books.google.com.br\/books?id=_BZ1EAAAQBAJ&amp;newbks=0&amp;printsec=frontcover&amp;pg=PT3&amp;dq=o+discipulo+radical+estudos+biblicos&amp;hl=pt-BR&amp;source=newbks_fb&amp;redir_esc=y#v=onepage&amp;q=o%20discipulo%20radical%20estudos%20biblicos&amp;f=false\">Google Livros<\/a> e <a href=\"https:\/\/www.kobo.com\/br\/pt\/ebook\/o-discipulo-radical-estudos-biblicos\">Kobo<\/a><\/i>.<\/p><\/blockquote>\n","protected":false},"excerpt":{"rendered":"<p>Se John Stott fosse conhecido no mundo todo apenas como te\u00f3logo, escritor e evangelista, j\u00e1 seria surpreendente. Por\u00e9m, al\u00e9m disso e de ter sido indicado pela revista \u201cTime\u201d como uma das cem personalidades mais influentes do mundo, ele \u00e9 tamb\u00e9m o presidente honor\u00e1rio do Movimento Lausanne e um de seus pioneiros. Aos 88 anos e [&hellip;]<\/p>\n","protected":false},"author":21,"featured_media":0,"comment_status":"open","ping_status":"open","sticky":false,"template":"","format":"standard","meta":{"ngg_post_thumbnail":0,"footnotes":""},"categories":[14831],"tags":[],"class_list":["post-203","post","type-post","status-publish","format-standard","hentry","category-estudos-textos"],"_links":{"self":[{"href":"https:\/\/ultimato.com.br\/sites\/john-stott\/wp-json\/wp\/v2\/posts\/203","targetHints":{"allow":["GET"]}}],"collection":[{"href":"https:\/\/ultimato.com.br\/sites\/john-stott\/wp-json\/wp\/v2\/posts"}],"about":[{"href":"https:\/\/ultimato.com.br\/sites\/john-stott\/wp-json\/wp\/v2\/types\/post"}],"author":[{"embeddable":true,"href":"https:\/\/ultimato.com.br\/sites\/john-stott\/wp-json\/wp\/v2\/users\/21"}],"replies":[{"embeddable":true,"href":"https:\/\/ultimato.com.br\/sites\/john-stott\/wp-json\/wp\/v2\/comments?post=203"}],"version-history":[{"count":5,"href":"https:\/\/ultimato.com.br\/sites\/john-stott\/wp-json\/wp\/v2\/posts\/203\/revisions"}],"predecessor-version":[{"id":2250,"href":"https:\/\/ultimato.com.br\/sites\/john-stott\/wp-json\/wp\/v2\/posts\/203\/revisions\/2250"}],"wp:attachment":[{"href":"https:\/\/ultimato.com.br\/sites\/john-stott\/wp-json\/wp\/v2\/media?parent=203"}],"wp:term":[{"taxonomy":"category","embeddable":true,"href":"https:\/\/ultimato.com.br\/sites\/john-stott\/wp-json\/wp\/v2\/categories?post=203"},{"taxonomy":"post_tag","embeddable":true,"href":"https:\/\/ultimato.com.br\/sites\/john-stott\/wp-json\/wp\/v2\/tags?post=203"}],"curies":[{"name":"wp","href":"https:\/\/api.w.org\/{rel}","templated":true}]}}