{"id":875,"date":"2013-11-13T08:29:52","date_gmt":"2013-11-13T11:29:52","guid":{"rendered":"http:\/\/ultimato.com.br\/sites\/guilhermedecarvalho\/?p=875"},"modified":"2013-11-13T09:43:01","modified_gmt":"2013-11-13T12:43:01","slug":"o-tempo-e-a-espiritualidade","status":"publish","type":"post","link":"https:\/\/ultimato.com.br\/sites\/guilhermedecarvalho\/2013\/11\/13\/o-tempo-e-a-espiritualidade\/","title":{"rendered":"O TEMPO E A ESPIRITUALIDADE: nova s\u00e9rie na Igreja Esperan\u00e7a"},"content":{"rendered":"<p>O TEMPO E A ESPIRITUALIDADE: Jornada Devocional 2013 na Igreja Esperan\u00e7a<\/p>\n<p>Durante os meses de Novembro e Dezembro vamos realizar uma jornada de reflex\u00e3o e de exerc\u00edcios espirituais na Igreja Esperan\u00e7a. O tema da nossa jornada ser\u00e1 O TEMPO E A ESPIRITUALIDADE. Vamos explorar como o Crist\u00e3o deve compreender e se relacionar com o tempo, e como as nossas pr\u00e1ticas devocionais podem nos orientar no uso do tempo que o Senhor nos concedeu. Ser\u00e3o sete domingos, tematizando o <strong>momento presente<\/strong>, o <strong>dia<\/strong>, o <strong>domingo<\/strong>, o <strong>ano<\/strong>, a <strong>hist\u00f3ria<\/strong>, o <strong>futuro<\/strong> e a <strong>eternidade<\/strong>:<\/p>\n<p>1. 17\/11: A GRA\u00c7A E O MOMENTO PRESENTE<br \/>\n2. 24\/11: A DEVO\u00c7\u00c3O DI\u00c1RIA<br \/>\n3. 01\/12: GUARDANDO O DIA DO SENHOR<br \/>\n4. 08\/12: A P\u00c1SCOA E O ANO CRIST\u00c3O<br \/>\n5. 15\/12: CRISTO, A HIST\u00d3RIA E A MINHA HIST\u00d3RIA<br \/>\n6. 22\/12: A ESPERAN\u00c7A E O TEMPO FUTURO<br \/>\n7. 29\/12: ENTRE O TEMPO E A ETERNIDADE<\/p>\n<p>A s\u00e9rie ser\u00e1 ministrada <strong>no sal\u00e3o da Igreja Esperan\u00e7a aos domingos, \u00e0s 10h e \u00e0s 18h<em>.<\/em><\/strong><\/p>\n<p>Endere\u00e7o: Avenida Pedro II 2744, sobreloja.<\/p>\n<p>N\u00e3o venha apenas para ouvir; aproveita para buscar ao Senhor e se preparar para o pr\u00f3ximo ano. Permita que o Senhor trabalhe em voc\u00ea nesses dias. Se o Senhor permitir, ser\u00e1 um tempo muito edificante!<\/p>\n<p>Pr. Guilherme<\/p>\n","protected":false},"excerpt":{"rendered":"<p>O TEMPO E A ESPIRITUALIDADE: Jornada Devocional 2013 na Igreja Esperan\u00e7a Durante os meses de Novembro e Dezembro vamos realizar uma jornada de reflex\u00e3o e de exerc\u00edcios espirituais na Igreja Esperan\u00e7a. O tema da nossa jornada ser\u00e1 O TEMPO E A ESPIRITUALIDADE. Vamos explorar como o Crist\u00e3o deve compreender e se relacionar com o tempo, [&hellip;]<\/p>\n","protected":false},"author":23,"featured_media":883,"comment_status":"open","ping_status":"open","sticky":false,"template":"","format":"standard","meta":{"ngg_post_thumbnail":0,"footnotes":""},"categories":[11681],"tags":[],"class_list":["post-875","post","type-post","status-publish","format-standard","has-post-thumbnail","hentry","category-acontece","count-0","even alt","author-guilhermevrc","last"],"_links":{"self":[{"href":"https:\/\/ultimato.com.br\/sites\/guilhermedecarvalho\/wp-json\/wp\/v2\/posts\/875","targetHints":{"allow":["GET"]}}],"collection":[{"href":"https:\/\/ultimato.com.br\/sites\/guilhermedecarvalho\/wp-json\/wp\/v2\/posts"}],"about":[{"href":"https:\/\/ultimato.com.br\/sites\/guilhermedecarvalho\/wp-json\/wp\/v2\/types\/post"}],"author":[{"embeddable":true,"href":"https:\/\/ultimato.com.br\/sites\/guilhermedecarvalho\/wp-json\/wp\/v2\/users\/23"}],"replies":[{"embeddable":true,"href":"https:\/\/ultimato.com.br\/sites\/guilhermedecarvalho\/wp-json\/wp\/v2\/comments?post=875"}],"version-history":[{"count":6,"href":"https:\/\/ultimato.com.br\/sites\/guilhermedecarvalho\/wp-json\/wp\/v2\/posts\/875\/revisions"}],"predecessor-version":[{"id":877,"href":"https:\/\/ultimato.com.br\/sites\/guilhermedecarvalho\/wp-json\/wp\/v2\/posts\/875\/revisions\/877"}],"wp:featuredmedia":[{"embeddable":true,"href":"https:\/\/ultimato.com.br\/sites\/guilhermedecarvalho\/wp-json\/wp\/v2\/media\/883"}],"wp:attachment":[{"href":"https:\/\/ultimato.com.br\/sites\/guilhermedecarvalho\/wp-json\/wp\/v2\/media?parent=875"}],"wp:term":[{"taxonomy":"category","embeddable":true,"href":"https:\/\/ultimato.com.br\/sites\/guilhermedecarvalho\/wp-json\/wp\/v2\/categories?post=875"},{"taxonomy":"post_tag","embeddable":true,"href":"https:\/\/ultimato.com.br\/sites\/guilhermedecarvalho\/wp-json\/wp\/v2\/tags?post=875"}],"curies":[{"name":"wp","href":"https:\/\/api.w.org\/{rel}","templated":true}]}}