{"id":702,"date":"2013-04-29T13:47:55","date_gmt":"2013-04-29T16:47:55","guid":{"rendered":"http:\/\/ultimato.com.br\/sites\/guilhermedecarvalho\/?p=702"},"modified":"2013-04-29T14:05:20","modified_gmt":"2013-04-29T17:05:20","slug":"morre-edith-schaeffer-1914-2013","status":"publish","type":"post","link":"https:\/\/ultimato.com.br\/sites\/guilhermedecarvalho\/2013\/04\/29\/morre-edith-schaeffer-1914-2013\/","title":{"rendered":"Morre Edith Schaeffer 1914-2013"},"content":{"rendered":"<p>Na sexta feira dia 19 de Abril foi realizado o primeiro servi\u00e7o f\u00fanebre de Edith Schaeffer (o segundo foi em Rochester) em Gryon, um vilarejo pouco acima de L&#8217;Abri em Huemoz, na Su\u00ed\u00e7a. O vel\u00f3rio deu-se quatro dias depois do nosso &#8220;members meeting&#8221; (a reuni\u00e3o de l\u00edderes de L&#8217;Abri). Para a fam\u00edlia foi um misto de gratid\u00e3o, de dor pela perda, e de al\u00edvio j\u00e1 que ela estava muito debilitada h\u00e1 bastante tempo.<\/p>\n<p>Para os obreiros, em geral, foi um evento bastante simb\u00f3lico. De certo modo a Edith representava a conex\u00e3o de L&#8217;Abri com suas origens. Hoje o \u00fanico parente de Schaeffer trabalhando em L&#8217;Abri \u00e9 Lisby, neta do casal (filha de Prisca e John Sandri), e esposa de Greg Laughery, o direitor do L&#8217;Abri da Su\u00ed\u00e7a. E muito embora v\u00e1rios dos obreiros atuais tenham vivido a primeira gera\u00e7\u00e3o do trabalho, o fato \u00e9 que a &#8220;era Schaeffer&#8221; est\u00e1 passando em L&#8217;Abri.<\/p>\n<p>Mas isso tinha que acontecer mesmo, por um lado; outros obreiros, outros pa\u00edses, outra conjuntura espiritual e cultural. Por outro lado, \u00e9 preciso manter a heran\u00e7a dos Schaeffers e a identidade da nossa miss\u00e3o nessa nova conjuntura, e para tanto o L&#8217;Abri precisar\u00e1 ser muito mais intencional. V\u00e1rios temas j\u00e1 tem sido repensados com um constante movimento Ad Fontes. Exemplos foram alguns temas em debate no encontro de obreiros deste ano: &#8220;Schaeffer e a Teologia Natural&#8221;, &#8220;O Car\u00e1ter do nosso Trabalho&#8221;. Tudo foi discutido com um olho na tradi\u00e7\u00e3o de L&#8217;Abri e outro nos desafios atuais.<\/p>\n<p>De todo modo, o falecimento de Edith me faz pensar em uma lacuna importante: a vitalidade de L&#8217;Abri dependia tanto ou mais de Edith do que de Francis Schaeffer. Mas Edith \u00e9 pouco representada no Brasil; temos quase tudo de Francis em portugu\u00eas, e apenas uns poucos escritos de Edith dispon\u00edveis. Em L&#8217;Abri todos concordam em que manter a heran\u00e7a ser\u00e1 lembrar-se sempre do modelo e do ensino de Edith Schaeffer; seria bom que os divulgadores de Francis Schaeffer no Brasil se lembrassem tamb\u00e9m de sua esposa; ela fornece muito do contexto correto para ler a sua obra.<\/p>\n<p>Pedimos a todos ora\u00e7\u00f5es pela fam\u00edlia de Schaeffer e pelo L&#8217;Abri nessa \u00e9poca de transi\u00e7\u00e3o.<\/p>\n<p><a href=\"http:\/\/voltemosaoevangelho.com\/blog\/2013\/04\/morre-edith-schaeffer-1914-2013\/#axzz2RrmPoLm0\">Para quem quer saber mais sobre Edith Schaeffer, recomendamos a publica\u00e7\u00e3o abaixo do Vin\u00edcius (Voltemos ao Evangelho): Morre Edith Schaeffer 1914-2013 | Voltemos Ao Evangelho.\u00a0 <\/a><\/p>\n<p>VEJA TAMB\u00c9M:<br \/>\n<a href=\"http:\/\/www.legacy.com\/obituaries\/nytimes\/obituary.aspx?page=lifestory&amp;pid=164276845#fbLoggedOut\" target=\"_blank\">Obitu\u00e1rio no New York Times<\/a><\/p>\n<p><a href=\"http:\/\/www.huffingtonpost.com\/frank-schaeffer\/a-tribute-to-my-evangelic_b_2983906.html\" target=\"_blank\">Post pelo filho (Frank Schaeffer)<\/a><\/p>\n<p>&nbsp;<\/p>\n","protected":false},"excerpt":{"rendered":"<p>Na sexta feira dia 19 de Abril foi realizado o primeiro servi\u00e7o f\u00fanebre de Edith Schaeffer (o segundo foi em Rochester) em Gryon, um vilarejo pouco acima de L&#8217;Abri em Huemoz, na Su\u00ed\u00e7a. O vel\u00f3rio deu-se quatro dias depois do nosso &#8220;members meeting&#8221; (a reuni\u00e3o de l\u00edderes de L&#8217;Abri). Para a fam\u00edlia foi um misto [&hellip;]<\/p>\n","protected":false},"author":23,"featured_media":0,"comment_status":"open","ping_status":"open","sticky":false,"template":"","format":"standard","meta":{"ngg_post_thumbnail":0,"footnotes":""},"categories":[11681],"tags":[],"class_list":["post-702","post","type-post","status-publish","format-standard","hentry","category-acontece","count-0","even alt","author-guilhermevrc","last"],"_links":{"self":[{"href":"https:\/\/ultimato.com.br\/sites\/guilhermedecarvalho\/wp-json\/wp\/v2\/posts\/702","targetHints":{"allow":["GET"]}}],"collection":[{"href":"https:\/\/ultimato.com.br\/sites\/guilhermedecarvalho\/wp-json\/wp\/v2\/posts"}],"about":[{"href":"https:\/\/ultimato.com.br\/sites\/guilhermedecarvalho\/wp-json\/wp\/v2\/types\/post"}],"author":[{"embeddable":true,"href":"https:\/\/ultimato.com.br\/sites\/guilhermedecarvalho\/wp-json\/wp\/v2\/users\/23"}],"replies":[{"embeddable":true,"href":"https:\/\/ultimato.com.br\/sites\/guilhermedecarvalho\/wp-json\/wp\/v2\/comments?post=702"}],"version-history":[{"count":3,"href":"https:\/\/ultimato.com.br\/sites\/guilhermedecarvalho\/wp-json\/wp\/v2\/posts\/702\/revisions"}],"predecessor-version":[{"id":703,"href":"https:\/\/ultimato.com.br\/sites\/guilhermedecarvalho\/wp-json\/wp\/v2\/posts\/702\/revisions\/703"}],"wp:attachment":[{"href":"https:\/\/ultimato.com.br\/sites\/guilhermedecarvalho\/wp-json\/wp\/v2\/media?parent=702"}],"wp:term":[{"taxonomy":"category","embeddable":true,"href":"https:\/\/ultimato.com.br\/sites\/guilhermedecarvalho\/wp-json\/wp\/v2\/categories?post=702"},{"taxonomy":"post_tag","embeddable":true,"href":"https:\/\/ultimato.com.br\/sites\/guilhermedecarvalho\/wp-json\/wp\/v2\/tags?post=702"}],"curies":[{"name":"wp","href":"https:\/\/api.w.org\/{rel}","templated":true}]}}