{"id":566,"date":"2012-08-02T16:02:25","date_gmt":"2012-08-02T19:02:25","guid":{"rendered":"http:\/\/ultimato.com.br\/sites\/guilhermedecarvalho\/?p=566"},"modified":"2012-08-03T12:34:31","modified_gmt":"2012-08-03T15:34:31","slug":"566","status":"publish","type":"post","link":"https:\/\/ultimato.com.br\/sites\/guilhermedecarvalho\/2012\/08\/02\/566\/","title":{"rendered":"CURSO PERSPECTIVAS NO MOVIMENTO CRIST\u00c3O MUNDIAL"},"content":{"rendered":"<table>\n<tbody>\n<tr>\n<td width=\"100%\"><a href=\"http:\/\/www.igrejaesperanca.org.br\/index.php?option=com_content&amp;view=article&amp;id=76:curso-perspectivas&amp;catid=37:eventos\">Curso Perspectivas<\/a><\/td>\n<td align=\"right\" width=\"100%\"><a title=\"PDF\" href=\"http:\/\/www.igrejaesperanca.org.br\/index.php?view=article&amp;catid=37%3Aeventos&amp;id=76%3Acurso-perspectivas&amp;format=pdf&amp;option=com_content\" rel=\"nofollow\"><img decoding=\"async\" src=\"http:\/\/www.igrejaesperanca.org.br\/templates\/jm-eco-cosmetics\/images\/pdf_button.png\" alt=\"PDF\" \/><\/a><\/td>\n<td align=\"right\" width=\"100%\"><a title=\"Imprimir\" href=\"http:\/\/www.igrejaesperanca.org.br\/index.php?view=article&amp;catid=37%3Aeventos&amp;id=76%3Acurso-perspectivas&amp;tmpl=component&amp;print=1&amp;layout=default&amp;page=&amp;option=com_content\" rel=\"nofollow\"><img decoding=\"async\" src=\"http:\/\/www.igrejaesperanca.org.br\/templates\/jm-eco-cosmetics\/images\/printButton.png\" alt=\"Imprimir\" \/><\/a><\/td>\n<td align=\"right\" width=\"100%\"><a title=\"E-mail\" href=\"http:\/\/www.igrejaesperanca.org.br\/index.php?option=com_mailto&amp;tmpl=component&amp;link=aHR0cDovL3d3dy5pZ3JlamFlc3BlcmFuY2Eub3JnLmJyL2luZGV4LnBocD9vcHRpb249Y29tX2NvbnRlbnQmdmlldz1hcnRpY2xlJmlkPTc2OmN1cnNvLXBlcnNwZWN0aXZhcyZjYXRpZD0zNzpldmVudG9z\"><img decoding=\"async\" src=\"http:\/\/www.igrejaesperanca.org.br\/templates\/jm-eco-cosmetics\/images\/emailButton.png\" alt=\"E-mail\" \/><\/a><\/td>\n<\/tr>\n<\/tbody>\n<\/table>\n<table>\n<tbody>\n<tr>\n<td valign=\"top\"><img loading=\"lazy\" decoding=\"async\" src=\"http:\/\/www.igrejaesperanca.org.br\/images\/stories\/perspectivas_header.png\" alt=\"\" width=\"466\" height=\"151\" \/><\/p>\n<p><!--more--><\/p>\n<p><iframe loading=\"lazy\" src=\"http:\/\/player.vimeo.com\/video\/14402833\" frameborder=\"0\" width=\"500\" height=\"333\"><\/iframe><\/p>\n<p><a href=\"http:\/\/vimeo.com\/14402833\">Perspectivas no Movimento Crist\u00e3o Mundial<\/a> from <a href=\"http:\/\/vimeo.com\/user884560\">Perspectivas Brasil<\/a> on <a href=\"http:\/\/vimeo.com\">Vimeo<\/a>.<\/p>\n<p><a href=\"http:\/\/vimeo.com\/14402833\">Perspectivas no Movimento Crist\u00e3o Mundial<\/a> from <a href=\"http:\/\/vimeo.com\/user884560\">Perspectivas Brasil<\/a> on <a href=\"http:\/\/vimeo.com\">Vimeo<\/a>.<\/p>\n<p>Perspectivas no Movimento Crist\u00e3o Mundial \u00e9 um curso din\u00e2mico com 12 li\u00e7\u00f5es ensinado por l\u00edderes apaixonados por Deus e por Seu reino. Perspectivas promove reflex\u00e3o, dando \u00eanfase especial \u00e0 tarefa inacabada de evangeliza\u00e7\u00e3o mundial. O curso ajuda o participante a considerar o prop\u00f3sito global de Deus a partir de quatro Perspectivas: B\u00edblica, Hist\u00f3rica, Cultural, Estrat\u00e9gica.<\/p>\n<p>&nbsp;<\/p>\n<h3>Para quem \u00e9 o curso?<\/h3>\n<div>Perspectivas tem algo para cada crist\u00e3o de idade de 16 a 106 anos! O curso ajuda cada crente a encontrar o seu lugar no plano eterno de Deus, vivendo como um \u201cCrist\u00e3o Mundial\u201d, ou seja, pessoas que:<\/div>\n<ul>\n<li>Buscam uma compreens\u00e3o mais profunda da mensagem b\u00edblica e ds prop\u00f3sitos de Deus.<\/li>\n<li>Desejam investir melhor seus dons e habilidades em sua igreja local, na comunidade e no mundo.<\/li>\n<li>Querem marcar profundamente esta gera\u00e7\u00e3o.<\/li>\n<\/ul>\n<h3>Quais s\u00e3o as vantagens?<\/h3>\n<ul>\n<li>Apresenta uma diversidade de t\u00f3picos de maneira sistem\u00e1tica e integrada<\/li>\n<li>Emprega v\u00e1rios especialistas de uma forma complementar<\/li>\n<li>Aproveita recursos did\u00e1ticos de alto n\u00edvel<\/li>\n<li>Visa a mobiliza\u00e7\u00e3o de todos os membros da igreja local<\/li>\n<li>Utiliza formatos contextualizados que enfatizam as realidades e contribui\u00e7\u00f5es da Igreja Brasileira<\/li>\n<li>Baseia todo ensino nos princ\u00edpios e presupostos b\u00edblicos<\/li>\n<\/ul>\n<h3>Como Funciona?<\/h3>\n<div>Normalmente, uma igreja, ag\u00eancia mission\u00e1ria ou institui\u00e7\u00e3o de ensino sedia o evento. O curso pode ser oferecido em v\u00e1rios formatos: intensivo (1 semana), extensivo (12 encontros semanais) ou semi-extensivo (ex. 6 encontros quinzenais, etc.). Cada li\u00e7\u00e3o conta com um novo instrutor, e desenvolve uma faceta diferente do curso.<\/div>\n<div><\/div>\n<div>Uma pe\u00e7a chave na realiza\u00e7\u00e3o do evento \u00e9 o coordenador local. Ele, ou ela, \u00e9 respons\u00e1vel pelo planejamento do curso (junto com sua equipe de apoio), inclusive chamar os instrutores. No decorrer dos encontros, ele anda lado-ao-lado com os alunos, encorajando-os e dando-lhes orienta\u00e7\u00f5es. Recomenda-se que o coordenador seja algu\u00e9m que j\u00e1 tenha feito o curso.<\/div>\n<div><\/div>\n<div>O custo do curso Perspectivas \u00e9 determinado por cada coordenador regional. Al\u00e9m de custear o transporte e os honor\u00e1rios dos instrutores, a inscri\u00e7\u00e3o inclui a taxa de matr\u00edcula, o Guia de Estudo (apostila) e o livro: Perspectivas no Movimento Crist\u00e3o Mundial (Edi\u00e7\u00f5es Vida Nova, 2009), Estes recursos apresentam todas as leituras exigidas, material que complementa e refor\u00e7a os conceitos abordados pelos instrutores.<\/div>\n<div><\/div>\n<div>Quem faz Perspectivas pode escolher entre dois n\u00edveis de participa\u00e7\u00e3o. O n\u00edvel b\u00e1sico requer que o participante: a) participe nos encontros, b) fa\u00e7a as leituras fundamentais e c) cumpra algumas tarefas ao longo do curso. O n\u00edvel avan\u00e7ado requer todos os itens acima mais: d) leituras e tarefas adicionais.<\/div>\n<h3>As Li\u00e7\u00f5es:<\/h3>\n<div>A sequ\u00eancia de conceitos aborda quatro Perspectivas b\u00e1sicas:<\/div>\n<h3>B\u00edblica &#8211; O que as Escrituras revelam sobre o plano de Deus para as na\u00e7\u00f5es?<\/h3>\n<h1><img loading=\"lazy\" decoding=\"async\" class=\"alignright\" src=\"http:\/\/www.igrejaesperanca.org.br\/images\/stories\/perspectivas_pessoas.png\" alt=\"\" width=\"153\" height=\"402\" \/><\/h1>\n<ol>\n<li>Deus \u00e9 um Deus Mission\u00e1rio<\/li>\n<li>A Hist\u00f3ria da Sua Gl\u00f3ria<\/li>\n<li>O Messias para o Mundo<\/li>\n<li>Uma Igreja para Todos os Povos<\/li>\n<\/ol>\n<h3>Hist\u00f3rica &#8211; Como Deus tem trabalhado atrav\u00e9s dos s\u00e9culos para alcan\u00e7ar Seus prop\u00f3sitos?<\/h3>\n<ol>\n<li>A Expans\u00e3o do Movimento Crist\u00e3o<\/li>\n<li>Miss\u00f5es Modernas e o Brasil<\/li>\n<li>A Tarefa Remanescente<\/li>\n<\/ol>\n<h3>Cultural &#8211; Qual \u00e9 o papel da cultura no programa de Deus?<\/h3>\n<ol>\n<li>Como Ouvir\u00e3o? (Comunica\u00e7\u00e3o Mission\u00e1ria)<\/li>\n<li>Construindo Pontes de Amor<\/li>\n<\/ol>\n<h3>Estrat\u00e9gica &#8211; O que \u00e9 um grupo de povo n\u00e3o-alcan\u00e7ado? Qual \u00e9 a nossa tarefa como Igreja?<\/h3>\n<ol>\n<li>Desenvolvimento Comunit\u00e1rio Crist\u00e3o<\/li>\n<li>Alcan\u00e7ando os N\u00e3o-Alcan\u00e7ados<\/li>\n<li>A Vida do Crist\u00e3o Mundial<\/li>\n<\/ol>\n<h3>Hist\u00f3ria<\/h3>\n<div>O curso em ingl\u00eas foi lan\u00e7ado pelo Ralph Winter em 1974, e agora conta com mais que 100.000 formados. Alguma forma do curso est\u00e1 sendo oferecido (ou desenvolvido) em mais 6 idiomas (Espanhol, Franc\u00eas, Coreano, Chin\u00eas, \u00c1rabe e Bengali) em dezenas de pa\u00edses ao redor do globo.<\/div>\n<div><\/div>\n<div>Muitas pessoas sabem alguma coisa sobre Perspectivas atrav\u00e9s dos quatro volumes, Miss\u00f5es Transculturais: Uma Perspectiva B\u00edblica \u2026Hist\u00f3rica \u2026Cultural \u2026 Estrat\u00e9gica (Mundo Crist\u00e3o, 1987). Mas Perspectivas \u00e9 muito mais que um livro.<\/div>\n<div><\/div>\n<div>O trabalho de introduzir o curso Perspectivas no Brasil come\u00e7ou em 2004, quando v\u00e1rios irm\u00e3os que fizeram o curso no exterior se-reuniram para sondar a possibilidade de lan\u00e7ar algo semelhante aqui. Os primeiros cursos foram oferecidos em 2009. O curso j\u00e1 tem sido implementado em quatro estados, com planos para outros dentro em breve.<\/div>\n<h1><a href=\"http:\/\/www.igrejaesperanca.org.br\/index.php?option=com_jforms&amp;view=form&amp;id=1&amp;Itemid=108\">Fa\u00e7a agora mesmo a sua inscri\u00e7\u00e3o!<\/a><\/h1>\n<p>&nbsp;<\/p>\n<p>&nbsp;<\/p>\n<p><img loading=\"lazy\" decoding=\"async\" src=\"http:\/\/www.igrejaesperanca.org.br\/images\/stories\/perspectivas_informacoes.png\" alt=\"\" width=\"516\" height=\"287\" \/><\/td>\n<\/tr>\n<\/tbody>\n<\/table>\n","protected":false},"excerpt":{"rendered":"<p>Curso Perspectivas<\/p>\n","protected":false},"author":23,"featured_media":0,"comment_status":"open","ping_status":"open","sticky":false,"template":"","format":"standard","meta":{"ngg_post_thumbnail":0,"footnotes":""},"categories":[11681,116],"tags":[],"class_list":["post-566","post","type-post","status-publish","format-standard","hentry","category-acontece","category-blog","count-0","even alt","author-guilhermevrc","last"],"_links":{"self":[{"href":"https:\/\/ultimato.com.br\/sites\/guilhermedecarvalho\/wp-json\/wp\/v2\/posts\/566","targetHints":{"allow":["GET"]}}],"collection":[{"href":"https:\/\/ultimato.com.br\/sites\/guilhermedecarvalho\/wp-json\/wp\/v2\/posts"}],"about":[{"href":"https:\/\/ultimato.com.br\/sites\/guilhermedecarvalho\/wp-json\/wp\/v2\/types\/post"}],"author":[{"embeddable":true,"href":"https:\/\/ultimato.com.br\/sites\/guilhermedecarvalho\/wp-json\/wp\/v2\/users\/23"}],"replies":[{"embeddable":true,"href":"https:\/\/ultimato.com.br\/sites\/guilhermedecarvalho\/wp-json\/wp\/v2\/comments?post=566"}],"version-history":[{"count":8,"href":"https:\/\/ultimato.com.br\/sites\/guilhermedecarvalho\/wp-json\/wp\/v2\/posts\/566\/revisions"}],"predecessor-version":[{"id":570,"href":"https:\/\/ultimato.com.br\/sites\/guilhermedecarvalho\/wp-json\/wp\/v2\/posts\/566\/revisions\/570"}],"wp:attachment":[{"href":"https:\/\/ultimato.com.br\/sites\/guilhermedecarvalho\/wp-json\/wp\/v2\/media?parent=566"}],"wp:term":[{"taxonomy":"category","embeddable":true,"href":"https:\/\/ultimato.com.br\/sites\/guilhermedecarvalho\/wp-json\/wp\/v2\/categories?post=566"},{"taxonomy":"post_tag","embeddable":true,"href":"https:\/\/ultimato.com.br\/sites\/guilhermedecarvalho\/wp-json\/wp\/v2\/tags?post=566"}],"curies":[{"name":"wp","href":"https:\/\/api.w.org\/{rel}","templated":true}]}}