{"id":534,"date":"2012-07-20T13:36:47","date_gmt":"2012-07-20T16:36:47","guid":{"rendered":"http:\/\/ultimato.com.br\/sites\/guilhermedecarvalho\/?p=534"},"modified":"2012-07-20T13:44:16","modified_gmt":"2012-07-20T16:44:16","slug":"conferencia-labri-2012-confira-a-programacao","status":"publish","type":"post","link":"https:\/\/ultimato.com.br\/sites\/guilhermedecarvalho\/2012\/07\/20\/conferencia-labri-2012-confira-a-programacao\/","title":{"rendered":"Confer\u00eancia L&#8217;Abri 2012: Confira a Programa\u00e7\u00e3o"},"content":{"rendered":"<p>&nbsp;<\/p>\n<p><strong>Programa Confer\u00eancia L&#8217;Abri 2012: <\/strong><strong><a href=\"http:\/\/ultimato.com.br\/sites\/guilhermedecarvalho\/files\/2012\/07\/VConfLabri2012.jpg\"><img loading=\"lazy\" decoding=\"async\" class=\"alignright  wp-image-535\" title=\"VConfLabri2012\" src=\"http:\/\/ultimato.com.br\/sites\/guilhermedecarvalho\/files\/2012\/07\/VConfLabri2012.jpg\" alt=\"\" width=\"306\" height=\"526\" \/><\/a><\/strong><\/p>\n<p><strong>COMO VIVEREMOS? O LEGADO DE FRANCIS SCHAEFFER PARA O S\u00c9CULO XXI<br \/>\n<\/strong><br \/>\n<strong>Sexta-Feira 27\/07 (noite)<\/strong><\/p>\n<p>1) <em>Schaeffer, modernidade e posmodernidade: Vida Crist\u00e3 no Limiar de um Novo Tempo<\/em><strong> <\/strong>&#8211;\u00a0Rodolfo Amorim (L&#8217;Abri Brasil)<\/p>\n<div><\/div>\n<div><strong>S\u00e1bado 28\/07 (manh\u00e3)<\/strong><\/div>\n<div><\/div>\n<div>\n<div>2)<strong> <\/strong><em>Porque &#8216;A Verdadeira Espiritualidade&#8217; \u00e9 um legado permanente de Schaeffer para a igreja &#8211;<\/em> Andrew Fellows (L&#8217;Abri Inglaterra)<\/div>\n<div>3)<em> &#8216;Verdadeira Espiritualidade&#8217;: o poder de captar o Amor de Deus &#8211;<\/em> Dick Keyes (L&#8217;Abri Massachussets)<\/div>\n<div><\/div>\n<div><\/div>\n<div><strong>S\u00e1bado (tarde)<\/strong><\/div>\n<div><\/div>\n<div><\/div>\n<div>4) <a href=\"http:\/\/www.silvestre.mus.br\/\" target=\"_blank\"><strong>ESPECIAL: Voz e Viol\u00e3o com Silvestre Kuhlmann<\/strong><\/a><\/div>\n<\/div>\n<div><\/div>\n<div><\/div>\n<div><strong>S\u00e1bado (noite)<\/strong><\/div>\n<div><\/div>\n<div><\/div>\n<div>5)\u00a0<em>O que Schaeffer diria sobre a teologia de Miss\u00e3o Integral? <\/em>&#8211; Guilherme de Carvalho (L&#8217;Abri Brasil)<\/div>\n<p>6)<em> A Igreja no Princ\u00edpio do S\u00e9culo 21: a relev\u00e2ncia da vis\u00e3o de igreja de Schaeffer<\/em> &#8211; Andrew Fellows<\/p>\n<p><strong>Domingo 29\/07 (manh\u00e3)<\/strong><\/p>\n<p>7) <strong>Mesa Redonda: <\/strong><em>A Apolog\u00e9tica de Schaeffer e a Realidade Brasileira<\/em> &#8211; Davi Charles Gomes, Guilherme de Carvalho, Andrew Fellows, Dick Keyes, Rodolfo Amorim.<\/p>\n<p>8 )<em> Deus como Criador e o Significado da Vida<\/em> &#8211; Dick Keyes<\/p>\n<p>&nbsp;<\/p>\n<p><strong>SAIBA MAIS SOBRE O EVENTO<\/strong><br \/>\n<a href=\"http:\/\/www.wix.com\/joyadry\/conferencia2012labribrasil#%21\" target=\"_blank\">SITE DA CONFER\u00caNCIA L&#8217;ABRI<\/a><\/p>\n<p><strong>FICHA DE INSCRI\u00c7\u00c3O:<\/strong><br \/>\nlabri.brasil@gmail.com<br \/>\n<strong><\/strong><\/p>\n<p><strong>LOCAL DO EVENTO:<\/strong><br \/>\nSite e V\u00eddeo do Hotel Valle da Fonte<br \/>\nwww.valledafonte.com.br<br \/>\nValle da Fonte &#8211; Eco fazenda &#8211; Para\u00edbuna\/SP<\/p>\n<p><strong>SAIBA MAIS SOBRE FRANCIS SCHAEFFER<\/strong><\/p>\n<p><a href=\"http:\/\/ultimato.com.br\/sites\/guilhermedecarvalho\/2012\/02\/08\/francis-schaeffer-para-o-seculo-21\/\" target=\"_blank\">FRANCIS SCHAEFFER PARA O S\u00c9CULO XXI<\/a><\/p>\n","protected":false},"excerpt":{"rendered":"<p>&nbsp; Programa Confer\u00eancia L&#8217;Abri 2012: COMO VIVEREMOS? O LEGADO DE FRANCIS SCHAEFFER PARA O S\u00c9CULO XXI Sexta-Feira 27\/07 (noite) 1) Schaeffer, modernidade e posmodernidade: Vida Crist\u00e3 no Limiar de um Novo Tempo &#8211;\u00a0Rodolfo Amorim (L&#8217;Abri Brasil) S\u00e1bado 28\/07 (manh\u00e3) 2) Porque &#8216;A Verdadeira Espiritualidade&#8217; \u00e9 um legado permanente de Schaeffer para a igreja &#8211; Andrew [&hellip;]<\/p>\n","protected":false},"author":23,"featured_media":535,"comment_status":"open","ping_status":"open","sticky":false,"template":"","format":"standard","meta":{"ngg_post_thumbnail":0,"footnotes":""},"categories":[116],"tags":[],"class_list":["post-534","post","type-post","status-publish","format-standard","has-post-thumbnail","hentry","category-blog","count-0","even alt","author-guilhermevrc","last"],"_links":{"self":[{"href":"https:\/\/ultimato.com.br\/sites\/guilhermedecarvalho\/wp-json\/wp\/v2\/posts\/534","targetHints":{"allow":["GET"]}}],"collection":[{"href":"https:\/\/ultimato.com.br\/sites\/guilhermedecarvalho\/wp-json\/wp\/v2\/posts"}],"about":[{"href":"https:\/\/ultimato.com.br\/sites\/guilhermedecarvalho\/wp-json\/wp\/v2\/types\/post"}],"author":[{"embeddable":true,"href":"https:\/\/ultimato.com.br\/sites\/guilhermedecarvalho\/wp-json\/wp\/v2\/users\/23"}],"replies":[{"embeddable":true,"href":"https:\/\/ultimato.com.br\/sites\/guilhermedecarvalho\/wp-json\/wp\/v2\/comments?post=534"}],"version-history":[{"count":11,"href":"https:\/\/ultimato.com.br\/sites\/guilhermedecarvalho\/wp-json\/wp\/v2\/posts\/534\/revisions"}],"predecessor-version":[{"id":537,"href":"https:\/\/ultimato.com.br\/sites\/guilhermedecarvalho\/wp-json\/wp\/v2\/posts\/534\/revisions\/537"}],"wp:featuredmedia":[{"embeddable":true,"href":"https:\/\/ultimato.com.br\/sites\/guilhermedecarvalho\/wp-json\/wp\/v2\/media\/535"}],"wp:attachment":[{"href":"https:\/\/ultimato.com.br\/sites\/guilhermedecarvalho\/wp-json\/wp\/v2\/media?parent=534"}],"wp:term":[{"taxonomy":"category","embeddable":true,"href":"https:\/\/ultimato.com.br\/sites\/guilhermedecarvalho\/wp-json\/wp\/v2\/categories?post=534"},{"taxonomy":"post_tag","embeddable":true,"href":"https:\/\/ultimato.com.br\/sites\/guilhermedecarvalho\/wp-json\/wp\/v2\/tags?post=534"}],"curies":[{"name":"wp","href":"https:\/\/api.w.org\/{rel}","templated":true}]}}