{"id":530,"date":"2012-07-10T09:36:32","date_gmt":"2012-07-10T12:36:32","guid":{"rendered":"http:\/\/ultimato.com.br\/sites\/guilhermedecarvalho\/?p=530"},"modified":"2012-07-10T09:41:52","modified_gmt":"2012-07-10T12:41:52","slug":"clade-v-acompanhe-a-transmissao","status":"publish","type":"post","link":"https:\/\/ultimato.com.br\/sites\/guilhermedecarvalho\/2012\/07\/10\/clade-v-acompanhe-a-transmissao\/","title":{"rendered":"CLADE V: Acompanhe a Transmiss\u00e3o!"},"content":{"rendered":"<p>Caros leitores,<\/p>\n<p>est\u00e1 se desenrolando agora um dos principais eventos crist\u00e3os da d\u00e9cada na am\u00e9rica latina: o V Congresso Latino-Americano de Evangeliza\u00e7\u00e3o, ou CLADE V. O evento ser\u00e1 fundamental para compreender os rumos da teologia de miss\u00e3o integral na AL e no Brasil. Todos aqueles interessados na miss\u00e3o e na teologia latino americana deve ficar ligados, independentemente de sua posi\u00e7\u00e3o a respeito da teologia de miss\u00e3o integral!<\/p>\n<p><a href=\"http:\/\/www.clade5.org\/index.php\/es\/clade\/104-clade-v-transmision-tv-internet-portugues\">CLADE V -Transmisi\u00f3n TV \/ Internet PORTUGUES<\/a>.<\/p>\n","protected":false},"excerpt":{"rendered":"<p>Caros leitores, est\u00e1 se desenrolando agora um dos principais eventos crist\u00e3os da d\u00e9cada na am\u00e9rica latina: o V Congresso Latino-Americano de Evangeliza\u00e7\u00e3o, ou CLADE V. O evento ser\u00e1 fundamental para compreender os rumos da teologia de miss\u00e3o integral na AL e no Brasil. Todos aqueles interessados na miss\u00e3o e na teologia latino americana deve ficar [&hellip;]<\/p>\n","protected":false},"author":23,"featured_media":0,"comment_status":"open","ping_status":"open","sticky":false,"template":"","format":"standard","meta":{"ngg_post_thumbnail":0,"footnotes":""},"categories":[11681],"tags":[],"class_list":["post-530","post","type-post","status-publish","format-standard","hentry","category-acontece","count-0","even alt","author-guilhermevrc","last"],"_links":{"self":[{"href":"https:\/\/ultimato.com.br\/sites\/guilhermedecarvalho\/wp-json\/wp\/v2\/posts\/530","targetHints":{"allow":["GET"]}}],"collection":[{"href":"https:\/\/ultimato.com.br\/sites\/guilhermedecarvalho\/wp-json\/wp\/v2\/posts"}],"about":[{"href":"https:\/\/ultimato.com.br\/sites\/guilhermedecarvalho\/wp-json\/wp\/v2\/types\/post"}],"author":[{"embeddable":true,"href":"https:\/\/ultimato.com.br\/sites\/guilhermedecarvalho\/wp-json\/wp\/v2\/users\/23"}],"replies":[{"embeddable":true,"href":"https:\/\/ultimato.com.br\/sites\/guilhermedecarvalho\/wp-json\/wp\/v2\/comments?post=530"}],"version-history":[{"count":3,"href":"https:\/\/ultimato.com.br\/sites\/guilhermedecarvalho\/wp-json\/wp\/v2\/posts\/530\/revisions"}],"predecessor-version":[{"id":532,"href":"https:\/\/ultimato.com.br\/sites\/guilhermedecarvalho\/wp-json\/wp\/v2\/posts\/530\/revisions\/532"}],"wp:attachment":[{"href":"https:\/\/ultimato.com.br\/sites\/guilhermedecarvalho\/wp-json\/wp\/v2\/media?parent=530"}],"wp:term":[{"taxonomy":"category","embeddable":true,"href":"https:\/\/ultimato.com.br\/sites\/guilhermedecarvalho\/wp-json\/wp\/v2\/categories?post=530"},{"taxonomy":"post_tag","embeddable":true,"href":"https:\/\/ultimato.com.br\/sites\/guilhermedecarvalho\/wp-json\/wp\/v2\/tags?post=530"}],"curies":[{"name":"wp","href":"https:\/\/api.w.org\/{rel}","templated":true}]}}