{"id":442,"date":"2012-04-03T12:20:08","date_gmt":"2012-04-03T15:20:08","guid":{"rendered":"http:\/\/ultimato.com.br\/sites\/guilhermedecarvalho\/?p=442"},"modified":"2012-04-03T12:29:02","modified_gmt":"2012-04-03T15:29:02","slug":"442","status":"publish","type":"post","link":"https:\/\/ultimato.com.br\/sites\/guilhermedecarvalho\/2012\/04\/03\/442\/","title":{"rendered":"Retiro L&#8217;Abri em Maio: Esgotamento Espiritual"},"content":{"rendered":"<div>Caros Amigos de L&#8217;Abri,<\/div>\n<div>Convidamos a todos para o <strong>Retiro de Maio de 2012<\/strong> que abordar\u00e1 o tema <strong>Esgotamento Espiritual<\/strong> e ocorrer\u00e1 entre os dias 18 e 20\/05 na casa do L&#8217;Abri, em Belo Horizonte, MG!<\/div>\n<div><\/div>\n<div><\/div>\n<div><strong>Sobre o Retiro: <\/strong><\/div>\n<div>\n<div>Quase todo mundo j\u00e1 teve a experi\u00eancia de se sentir muito, muito cansado, depois de um per\u00edodo extenso de trabalho ininterrupto. <!--more--> \u00c0s vezes alguns dias de descanso curam o cansa\u00e7o e ficamos novinhos em folha. Mas se a nossa ocupa\u00e7\u00e3o envolve muitas press\u00f5es, baixa valoriza\u00e7\u00e3o e intensidade excessiva, depois de algum tempo podemos entrar em colapso f\u00edsico e emocional.<\/div>\n<\/div>\n<div><\/div>\n<div>O que muita gente n\u00e3o sabe \u00e9 que h\u00e1 um fen\u00f4meno semelhante no campo da espiritualidade; o que alguns chamam de esgotamento ou depress\u00e3o espiritual. Ele sempre envolve a<a href=\"http:\/\/ultimato.com.br\/sites\/guilhermedecarvalho\/files\/2012\/04\/Convite-Retiro-Esgotamento-Espiritual1.jpg\"><img loading=\"lazy\" decoding=\"async\" class=\"alignleft size-medium wp-image-448\" title=\"Convite Retiro - Esgotamento Espiritual\" src=\"http:\/\/ultimato.com.br\/sites\/guilhermedecarvalho\/files\/2012\/04\/Convite-Retiro-Esgotamento-Espiritual1-300x216.jpg\" alt=\"\" width=\"300\" height=\"216\" srcset=\"https:\/\/ultimato.com.br\/sites\/guilhermedecarvalho\/files\/2012\/04\/Convite-Retiro-Esgotamento-Espiritual1-300x216.jpg 300w, https:\/\/ultimato.com.br\/sites\/guilhermedecarvalho\/files\/2012\/04\/Convite-Retiro-Esgotamento-Espiritual1-1024x737.jpg 1024w, https:\/\/ultimato.com.br\/sites\/guilhermedecarvalho\/files\/2012\/04\/Convite-Retiro-Esgotamento-Espiritual1-150x108.jpg 150w, https:\/\/ultimato.com.br\/sites\/guilhermedecarvalho\/files\/2012\/04\/Convite-Retiro-Esgotamento-Espiritual1.jpg 1117w\" sizes=\"auto, (max-width: 300px) 100vw, 300px\" \/><\/a>lguma forma de esgotamento afetivo, mas vai al\u00e9m das emo\u00e7\u00f5es, pois atinge nossa capacidade de responder a Deus e \u00e0s coisas espirituais. O esgotamento espiritual est\u00e1 associado a um dos problemas mais comuns do cristianismo contempor\u00e2neo: o &#8220;cansa\u00e7o de igreja&#8221;. Muita gente sofre n\u00e3o apenas com d\u00favidas, mas sentimentos de avers\u00e3o em rela\u00e7\u00e3o a estruturas eclesi\u00e1sticas, pr\u00e1ticas lit\u00fargicas e at\u00e9 mesmo \u00e0 vida comunit\u00e1ria.<\/div>\n<div><\/div>\n<div>Normalmente as pessoas esgotadas atribuem o seu sofrimento \u00e0 a\u00e7\u00e3o de terceiros. Mas na verdade o esgotamento espiritual nunca \u00e9 causado apenas por terceiros; normalmente ele revela um estilo de espiritualidade j\u00e1 afetado por elementos &#8220;patog\u00eanicos&#8221;, enfraquecedores da vida espiritual.<\/div>\n<div><\/div>\n<div>Em nosso retiro de Maio de 2012 vamos examinar a natureza e as causas do esgotamento espiritual, e refletir sobre os caminhos para a restaura\u00e7\u00e3o de uma espiritualidade vital e sadia, capaz de lidar melhor com as press\u00f5es do Cristianismo contempor\u00e2neo. Esperamos por voc\u00ea!<\/div>\n<div><\/div>\n<div><\/div>\n<div><strong>Programa\u00e7\u00e3o e Inscri\u00e7\u00e3o:\u00a0<\/strong><\/div>\n<div>Solicite a ficha de inscri\u00e7\u00e3o do Retiro pelo email: labri.brasil@gmail.com<br \/>\n<strong><br \/>\n<\/strong><\/div>\n<div><strong>Informa\u00e7\u00f5es:<\/strong><\/div>\n<div>(31) 8490-9375<\/div>\n<div>(31) 2535-8962 | Alessandra<\/div>\n<div>labri.brasil@gmail.com<\/div>\n<div>www.labribrasil.org<\/div>\n<div><\/div>\n<div><a href=\"http:\/\/labri-brasil.blogspot.com.br\/\" target=\"_blank\"><strong>VEJA MAIS SOBRE A CONFER\u00caNCIA L&#8217;ABRI 2012 NO BLOG DO L&#8217;ABRI!<\/strong><\/a><\/div>\n<div><\/div>\n","protected":false},"excerpt":{"rendered":"<p>Caros Amigos de L&#8217;Abri, Convidamos a todos para o Retiro de Maio de 2012 que abordar\u00e1 o tema Esgotamento Espiritual e ocorrer\u00e1 entre os dias 18 e 20\/05 na casa do L&#8217;Abri, em Belo Horizonte, MG! Sobre o Retiro: Quase todo mundo j\u00e1 teve a experi\u00eancia de se sentir muito, muito cansado, depois de um [&hellip;]<\/p>\n","protected":false},"author":23,"featured_media":448,"comment_status":"open","ping_status":"open","sticky":false,"template":"","format":"standard","meta":{"ngg_post_thumbnail":0,"footnotes":""},"categories":[11681,116],"tags":[],"class_list":["post-442","post","type-post","status-publish","format-standard","has-post-thumbnail","hentry","category-acontece","category-blog","count-0","even alt","author-guilhermevrc","last"],"_links":{"self":[{"href":"https:\/\/ultimato.com.br\/sites\/guilhermedecarvalho\/wp-json\/wp\/v2\/posts\/442","targetHints":{"allow":["GET"]}}],"collection":[{"href":"https:\/\/ultimato.com.br\/sites\/guilhermedecarvalho\/wp-json\/wp\/v2\/posts"}],"about":[{"href":"https:\/\/ultimato.com.br\/sites\/guilhermedecarvalho\/wp-json\/wp\/v2\/types\/post"}],"author":[{"embeddable":true,"href":"https:\/\/ultimato.com.br\/sites\/guilhermedecarvalho\/wp-json\/wp\/v2\/users\/23"}],"replies":[{"embeddable":true,"href":"https:\/\/ultimato.com.br\/sites\/guilhermedecarvalho\/wp-json\/wp\/v2\/comments?post=442"}],"version-history":[{"count":5,"href":"https:\/\/ultimato.com.br\/sites\/guilhermedecarvalho\/wp-json\/wp\/v2\/posts\/442\/revisions"}],"predecessor-version":[{"id":446,"href":"https:\/\/ultimato.com.br\/sites\/guilhermedecarvalho\/wp-json\/wp\/v2\/posts\/442\/revisions\/446"}],"wp:featuredmedia":[{"embeddable":true,"href":"https:\/\/ultimato.com.br\/sites\/guilhermedecarvalho\/wp-json\/wp\/v2\/media\/448"}],"wp:attachment":[{"href":"https:\/\/ultimato.com.br\/sites\/guilhermedecarvalho\/wp-json\/wp\/v2\/media?parent=442"}],"wp:term":[{"taxonomy":"category","embeddable":true,"href":"https:\/\/ultimato.com.br\/sites\/guilhermedecarvalho\/wp-json\/wp\/v2\/categories?post=442"},{"taxonomy":"post_tag","embeddable":true,"href":"https:\/\/ultimato.com.br\/sites\/guilhermedecarvalho\/wp-json\/wp\/v2\/tags?post=442"}],"curies":[{"name":"wp","href":"https:\/\/api.w.org\/{rel}","templated":true}]}}