{"id":325,"date":"2012-02-28T13:59:09","date_gmt":"2012-02-28T16:59:09","guid":{"rendered":"http:\/\/ultimato.com.br\/sites\/guilhermedecarvalho\/?p=325"},"modified":"2012-02-28T14:03:25","modified_gmt":"2012-02-28T17:03:25","slug":"cristianismo-ciencia-no-labri-neste-fim-de-semana","status":"publish","type":"post","link":"https:\/\/ultimato.com.br\/sites\/guilhermedecarvalho\/2012\/02\/28\/cristianismo-ciencia-no-labri-neste-fim-de-semana\/","title":{"rendered":"Cristianismo &#038; Ci\u00eancia no L&#8217;Abri: neste fim de semana!"},"content":{"rendered":"<p>A rela\u00e7\u00e3o entre f\u00e9 crist\u00e3 e ci\u00eancia \u00e9 uma das mais intrigantes e importantes na hist\u00f3ria da humanidade, tocando diretamente a vida de milh\u00f5es. E mesmo que muitos sejam indiferentes a este grande di\u00e1logo, suas consequ\u00eancias afetam diretamente a vida social e pessoal daqueles que vivem no ocidente, desfrutando dos avan\u00e7os cient\u00edficos e tecnol\u00f3gicos e das influ\u00eancias religiosas judaico-crist\u00e3s na cultura.<\/p>\n<p>Desde os primeiros encontros entre ci\u00eancia e religi\u00e3o na cultura grega, com a acusa\u00e7\u00e3o contra S\u00f3crates de afastar os jovens da religi\u00e3o oficial da Polis, passando pelo conflito entre Galileu e os doutores da Igreja no s\u00e9culo XVII, a novela da rela\u00e7\u00e3o entre o crer e o conhecer foi envolta em cap\u00edtulos de rupturas, tens\u00f5es e estranhamento, al\u00e9m de frut\u00edfero di\u00e1logo e integra\u00e7\u00e3o.<\/p>\n<p>Por\u00e9m, os v\u00e1rios contornos desta rela\u00e7\u00e3o continuam vivos e presentes hoje em dia. <!--more--> Por um lado, temos vis\u00f5es positivas da rela\u00e7\u00e3o entre ci\u00eancia e religi\u00e3o, como a representada por Albert Einstein, afirman<a href=\"http:\/\/ultimato.com.br\/sites\/guilhermedecarvalho\/files\/2012\/02\/Convite-Retiro-Cristianismo-e-Ci\u00eancia.jpg\"><img loading=\"lazy\" decoding=\"async\" class=\"alignright size-full wp-image-326\" title=\"Convite Retiro - Cristianismo e Ci\u00eancia\" src=\"http:\/\/ultimato.com.br\/sites\/guilhermedecarvalho\/files\/2012\/02\/Convite-Retiro-Cristianismo-e-Ci\u00eancia.jpg\" alt=\"\" width=\"400\" height=\"303\" srcset=\"https:\/\/ultimato.com.br\/sites\/guilhermedecarvalho\/files\/2012\/02\/Convite-Retiro-Cristianismo-e-Ci\u00eancia.jpg 400w, https:\/\/ultimato.com.br\/sites\/guilhermedecarvalho\/files\/2012\/02\/Convite-Retiro-Cristianismo-e-Ci\u00eancia-300x227.jpg 300w, https:\/\/ultimato.com.br\/sites\/guilhermedecarvalho\/files\/2012\/02\/Convite-Retiro-Cristianismo-e-Ci\u00eancia-150x113.jpg 150w\" sizes=\"auto, (max-width: 400px) 100vw, 400px\" \/><\/a>do que \u201ca ci\u00eancia sem religi\u00e3o \u00e9 coxa, e a religi\u00e3o sem a ci\u00eancia \u00e9 cega\u201d. Em outro campo, grupos de cientistas como os Novos Ate\u00edstas, consideram a id\u00e9ia de Deus um veradeiro \u201cdel\u00edrio\u201d, defendendo o abandono total da religi\u00e3o e consequentemente da f\u00e9 Crist\u00e3.<\/p>\n<p>Mas quais seriam os aspectos fundamentais desta rela\u00e7\u00e3o e suas conseq\u00fc\u00eancias para nossa vida social e pessoal? Quais os contornos deste debate e di\u00e1logo frente \u00e0 recente crise da confian\u00e7a irrestrita no m\u00e9todo cient\u00edfico? Qual seria a posi\u00e7\u00e3o da f\u00e9 crist\u00e3 em rela\u00e7\u00e3o \u00e0 ci\u00eancia? Integra\u00e7\u00e3o, coopera\u00e7\u00e3o ou conflito? Estaria a religi\u00e3o recuperando sua voz como fonte confi\u00e1vel de conhecimento?<\/p>\n<p>Estas e outras quest\u00f5es ser\u00e3o exploradas entre os dias 02 e 04 de Mar\u00e7o de 2012 por meio de palestras, filmes e discuss\u00e3o em nossa sede na cidade de Belo Horizonte, MG. Tamb\u00e9m assistiremos os document\u00e1rios do Test of Faith sobre Ci\u00eancia e Religi\u00e3o elaborados pelo Instituto Faraday.<\/p>\n<p>Programa\u00e7\u00e3o e Inscri\u00e7\u00e3o:<br \/>\nSolicite a ficha de inscri\u00e7\u00e3o do Termo de Estudos ou do Retiro pelo email: labri.brasil@gmail.com<\/p>\n<p>Informa\u00e7\u00f5es:<br \/>\n(31) 9225-1923 | Vanessa<br \/>\n(31) 2535-8962 | Alessandra<br \/>\nlabri.brasil@gmail.com<br \/>\nwww.labribrasil.org<\/p>\n","protected":false},"excerpt":{"rendered":"<p>A rela\u00e7\u00e3o entre f\u00e9 crist\u00e3 e ci\u00eancia \u00e9 uma das mais intrigantes e importantes na hist\u00f3ria da humanidade, tocando diretamente a vida de milh\u00f5es. E mesmo que muitos sejam indiferentes a este grande di\u00e1logo, suas consequ\u00eancias afetam diretamente a vida social e pessoal daqueles que vivem no ocidente, desfrutando dos avan\u00e7os cient\u00edficos e tecnol\u00f3gicos e [&hellip;]<\/p>\n","protected":false},"author":23,"featured_media":326,"comment_status":"open","ping_status":"open","sticky":false,"template":"","format":"standard","meta":{"ngg_post_thumbnail":0,"footnotes":""},"categories":[11681],"tags":[],"class_list":["post-325","post","type-post","status-publish","format-standard","has-post-thumbnail","hentry","category-acontece","count-0","even alt","author-guilhermevrc","last"],"_links":{"self":[{"href":"https:\/\/ultimato.com.br\/sites\/guilhermedecarvalho\/wp-json\/wp\/v2\/posts\/325","targetHints":{"allow":["GET"]}}],"collection":[{"href":"https:\/\/ultimato.com.br\/sites\/guilhermedecarvalho\/wp-json\/wp\/v2\/posts"}],"about":[{"href":"https:\/\/ultimato.com.br\/sites\/guilhermedecarvalho\/wp-json\/wp\/v2\/types\/post"}],"author":[{"embeddable":true,"href":"https:\/\/ultimato.com.br\/sites\/guilhermedecarvalho\/wp-json\/wp\/v2\/users\/23"}],"replies":[{"embeddable":true,"href":"https:\/\/ultimato.com.br\/sites\/guilhermedecarvalho\/wp-json\/wp\/v2\/comments?post=325"}],"version-history":[{"count":4,"href":"https:\/\/ultimato.com.br\/sites\/guilhermedecarvalho\/wp-json\/wp\/v2\/posts\/325\/revisions"}],"predecessor-version":[{"id":330,"href":"https:\/\/ultimato.com.br\/sites\/guilhermedecarvalho\/wp-json\/wp\/v2\/posts\/325\/revisions\/330"}],"wp:featuredmedia":[{"embeddable":true,"href":"https:\/\/ultimato.com.br\/sites\/guilhermedecarvalho\/wp-json\/wp\/v2\/media\/326"}],"wp:attachment":[{"href":"https:\/\/ultimato.com.br\/sites\/guilhermedecarvalho\/wp-json\/wp\/v2\/media?parent=325"}],"wp:term":[{"taxonomy":"category","embeddable":true,"href":"https:\/\/ultimato.com.br\/sites\/guilhermedecarvalho\/wp-json\/wp\/v2\/categories?post=325"},{"taxonomy":"post_tag","embeddable":true,"href":"https:\/\/ultimato.com.br\/sites\/guilhermedecarvalho\/wp-json\/wp\/v2\/tags?post=325"}],"curies":[{"name":"wp","href":"https:\/\/api.w.org\/{rel}","templated":true}]}}