{"id":283,"date":"2012-02-14T02:00:40","date_gmt":"2012-02-14T05:00:40","guid":{"rendered":"http:\/\/ultimato.com.br\/sites\/guilhermedecarvalho\/?p=283"},"modified":"2013-03-20T11:25:27","modified_gmt":"2013-03-20T14:25:27","slug":"a-mensagem-do-credo-apostolico","status":"publish","type":"post","link":"https:\/\/ultimato.com.br\/sites\/guilhermedecarvalho\/2012\/02\/14\/a-mensagem-do-credo-apostolico\/","title":{"rendered":"A Mensagem do Credo Apost\u00f3lico!"},"content":{"rendered":"<p>Caros leitores,<\/p>\n<p>a partir dessa semana iniciamos uma exposi\u00e7\u00e3o sobre a f\u00e9 crist\u00e3 que passar\u00e1 pelos principais &#8220;s\u00edmbolos de f\u00e9&#8221; do cristianismo: o Credo Apost\u00f3lico, a Ora\u00e7\u00e3o do Senhor e os Dez Mandamentos.<\/p>\n<p>O primeiro deles \u00e9 o <em>Credo<\/em>, que apresenta a s\u00edntese mais antiga em amplamente aceita da vis\u00e3o crist\u00e3 de Deus. Mas antes de considerar o seu conte\u00fado vamos conversar um pouquinho sobre <em>a natureza da f\u00e9<\/em>; esse ser\u00e1 o tema dos primeiras postagens. E assim que clarearmos esse assunto prosseguiremos para os temas centrais da teologia crist\u00e3!<\/p>\n","protected":false},"excerpt":{"rendered":"<p>Caros leitores, a partir dessa semana iniciamos uma exposi\u00e7\u00e3o sobre a f\u00e9 crist\u00e3 que passar\u00e1 pelos principais &#8220;s\u00edmbolos de f\u00e9&#8221; do cristianismo: o Credo Apost\u00f3lico, a Ora\u00e7\u00e3o do Senhor e os Dez Mandamentos. O primeiro deles \u00e9 o Credo, que apresenta a s\u00edntese mais antiga em amplamente aceita da vis\u00e3o crist\u00e3 de Deus. Mas antes [&hellip;]<\/p>\n","protected":false},"author":23,"featured_media":0,"comment_status":"open","ping_status":"open","sticky":false,"template":"","format":"standard","meta":{"ngg_post_thumbnail":0,"footnotes":""},"categories":[116,11699],"tags":[],"class_list":["post-283","post","type-post","status-publish","format-standard","hentry","category-blog","category-mero-cristianismo","count-0","even alt","author-guilhermevrc","last"],"_links":{"self":[{"href":"https:\/\/ultimato.com.br\/sites\/guilhermedecarvalho\/wp-json\/wp\/v2\/posts\/283","targetHints":{"allow":["GET"]}}],"collection":[{"href":"https:\/\/ultimato.com.br\/sites\/guilhermedecarvalho\/wp-json\/wp\/v2\/posts"}],"about":[{"href":"https:\/\/ultimato.com.br\/sites\/guilhermedecarvalho\/wp-json\/wp\/v2\/types\/post"}],"author":[{"embeddable":true,"href":"https:\/\/ultimato.com.br\/sites\/guilhermedecarvalho\/wp-json\/wp\/v2\/users\/23"}],"replies":[{"embeddable":true,"href":"https:\/\/ultimato.com.br\/sites\/guilhermedecarvalho\/wp-json\/wp\/v2\/comments?post=283"}],"version-history":[{"count":5,"href":"https:\/\/ultimato.com.br\/sites\/guilhermedecarvalho\/wp-json\/wp\/v2\/posts\/283\/revisions"}],"predecessor-version":[{"id":695,"href":"https:\/\/ultimato.com.br\/sites\/guilhermedecarvalho\/wp-json\/wp\/v2\/posts\/283\/revisions\/695"}],"wp:attachment":[{"href":"https:\/\/ultimato.com.br\/sites\/guilhermedecarvalho\/wp-json\/wp\/v2\/media?parent=283"}],"wp:term":[{"taxonomy":"category","embeddable":true,"href":"https:\/\/ultimato.com.br\/sites\/guilhermedecarvalho\/wp-json\/wp\/v2\/categories?post=283"},{"taxonomy":"post_tag","embeddable":true,"href":"https:\/\/ultimato.com.br\/sites\/guilhermedecarvalho\/wp-json\/wp\/v2\/tags?post=283"}],"curies":[{"name":"wp","href":"https:\/\/api.w.org\/{rel}","templated":true}]}}