{"id":268,"date":"2012-02-14T00:49:16","date_gmt":"2012-02-14T03:49:16","guid":{"rendered":"http:\/\/ultimato.com.br\/sites\/guilhermedecarvalho\/?p=268"},"modified":"2012-02-14T00:50:02","modified_gmt":"2012-02-14T03:50:02","slug":"william-lane-craig-comenta-sua-vinda-ao-brasil-em-marco","status":"publish","type":"post","link":"https:\/\/ultimato.com.br\/sites\/guilhermedecarvalho\/2012\/02\/14\/william-lane-craig-comenta-sua-vinda-ao-brasil-em-marco\/","title":{"rendered":"William Lane Craig comenta sua vinda ao Brasil em Mar\u00e7o"},"content":{"rendered":"<p>De<strong> 13 a 16 de Mar\u00e7o<\/strong> ser\u00e1 realizado em \u00c1guas de Lind\u00f3ia o <strong>8 Congresso Brasileiro de Teologia Vida Nova<\/strong>, com a participa\u00e7\u00e3o do Dr. William Lane Craig, um dos mais not\u00e1veis, sen\u00e3o o mais importante apologista evang\u00e9lico na atualidade. O Dr. Craig j\u00e1 participou de debates com os mais famosos e agressivos neoate\u00edstas do mundo, e seu minist\u00e9rio tem sido especialmente frut\u00edfero no sentido de despertar crist\u00e3os para a vida intelectual e oferecer recursos de defesa para crist\u00e3os em crise com a sua pr\u00f3pria f\u00e9 &#8211; algo que tem se revelado uma necessidade urgente para o cristianismo global, e particularmente em \u00e1reas com acelerado \u00edndice de seculariza\u00e7\u00e3o (para saber mais sobre a programa\u00e7\u00e3o e os preletores, <a href=\"http:\/\/www.vidanova.com.br\/congressohome.asp\" target=\"_blank\">siga para o site do evento AQUI<\/a>).<\/p>\n<p>O Dr. Craig gravou recentemente uma entrevista na qual comenta a sua percep\u00e7\u00e3o sobre a import\u00e2ncia da forma\u00e7\u00e3o apolog\u00e9tica para o momento atual da igreja brasileira, al\u00e9m da situa\u00e7\u00e3o de outros pa\u00edses e de informa\u00e7\u00f5es interessantes sobre o estado do debate apolog\u00e9tico em termos globais. <a href=\"http:\/\/www.rfmedia.org\/RF_audio_video\/RF_podcast\/Important-International-Influences.mp3\" target=\"_blank\">OU\u00c7A O MP3 AQUI.<\/a><\/p>\n","protected":false},"excerpt":{"rendered":"<p>De 13 a 16 de Mar\u00e7o ser\u00e1 realizado em \u00c1guas de Lind\u00f3ia o 8 Congresso Brasileiro de Teologia Vida Nova, com a participa\u00e7\u00e3o do Dr. William Lane Craig, um dos mais not\u00e1veis, sen\u00e3o o mais importante apologista evang\u00e9lico na atualidade. O Dr. Craig j\u00e1 participou de debates com os mais famosos e agressivos neoate\u00edstas do [&hellip;]<\/p>\n","protected":false},"author":23,"featured_media":0,"comment_status":"open","ping_status":"open","sticky":false,"template":"","format":"standard","meta":{"ngg_post_thumbnail":0,"footnotes":""},"categories":[11681],"tags":[],"class_list":["post-268","post","type-post","status-publish","format-standard","hentry","category-acontece","count-0","even alt","author-guilhermevrc","last"],"_links":{"self":[{"href":"https:\/\/ultimato.com.br\/sites\/guilhermedecarvalho\/wp-json\/wp\/v2\/posts\/268","targetHints":{"allow":["GET"]}}],"collection":[{"href":"https:\/\/ultimato.com.br\/sites\/guilhermedecarvalho\/wp-json\/wp\/v2\/posts"}],"about":[{"href":"https:\/\/ultimato.com.br\/sites\/guilhermedecarvalho\/wp-json\/wp\/v2\/types\/post"}],"author":[{"embeddable":true,"href":"https:\/\/ultimato.com.br\/sites\/guilhermedecarvalho\/wp-json\/wp\/v2\/users\/23"}],"replies":[{"embeddable":true,"href":"https:\/\/ultimato.com.br\/sites\/guilhermedecarvalho\/wp-json\/wp\/v2\/comments?post=268"}],"version-history":[{"count":2,"href":"https:\/\/ultimato.com.br\/sites\/guilhermedecarvalho\/wp-json\/wp\/v2\/posts\/268\/revisions"}],"predecessor-version":[{"id":270,"href":"https:\/\/ultimato.com.br\/sites\/guilhermedecarvalho\/wp-json\/wp\/v2\/posts\/268\/revisions\/270"}],"wp:attachment":[{"href":"https:\/\/ultimato.com.br\/sites\/guilhermedecarvalho\/wp-json\/wp\/v2\/media?parent=268"}],"wp:term":[{"taxonomy":"category","embeddable":true,"href":"https:\/\/ultimato.com.br\/sites\/guilhermedecarvalho\/wp-json\/wp\/v2\/categories?post=268"},{"taxonomy":"post_tag","embeddable":true,"href":"https:\/\/ultimato.com.br\/sites\/guilhermedecarvalho\/wp-json\/wp\/v2\/tags?post=268"}],"curies":[{"name":"wp","href":"https:\/\/api.w.org\/{rel}","templated":true}]}}