{"id":1095,"date":"2017-01-03T10:09:24","date_gmt":"2017-01-03T13:09:24","guid":{"rendered":"http:\/\/ultimato.com.br\/sites\/guilhermedecarvalho\/?p=1095"},"modified":"2017-01-03T10:09:24","modified_gmt":"2017-01-03T13:09:24","slug":"da-ao-rei-a-tua-justica","status":"publish","type":"post","link":"https:\/\/ultimato.com.br\/sites\/guilhermedecarvalho\/2017\/01\/03\/da-ao-rei-a-tua-justica\/","title":{"rendered":"D\u00e1 ao Rei a tua Justi\u00e7a!"},"content":{"rendered":"<p><em>&#8220;D\u00e1 ao rei tua justi\u00e7a, \u00f3 Deus,<br \/>\ne concede retid\u00e3o ao filho do rei.<br \/>\nAjuda-o a julgar teu povo corretamente;<br \/>\nque os pobres sejam tratados com imparcialidade.<br \/>\nQue os montes produzam prosperidade para todos,<br \/>\ne que as colinas deem muitos frutos.<br \/>\nAjuda-o a defender os pobres dentre o povo,<br \/>\na salvar os filhos dos necessitados.<br \/>\n[&#8230;]<br \/>\nEle tem compaix\u00e3o do fraco e do necessitado,<br \/>\ne os salvar\u00e1.<br \/>\nEle os resgatar\u00e1 da opress\u00e3o e da viol\u00eancia,<br \/>\npois considera preciosa a vida deles.<br \/>\nViva o rei!<br \/>\n[&#8230;]<\/em><\/p>\n<p>Minha leitura seletiva do salmo 72 n\u00e3o quer negar ou ignorar nenhum de seus versos. No salmo o rei de Israel louva ao Senhor Deus pela gl\u00f3ria e pelas promessas do pacto Dav\u00eddico: os inimigos lamber\u00e3o o p\u00f3 a seus p\u00e9s, os reis de toda a terra se curvar\u00e3o e o servir\u00e3o, seu governo se estender\u00e1 por todas as partes, os tributos e as ora\u00e7\u00f5es fluir\u00e3o para o seu pal\u00e1cio. O seu nome permanecer\u00e1, eu povo prosperar\u00e1, os justos viver\u00e3o em paz, e todas as na\u00e7\u00f5es ser\u00e3o aben\u00e7oadas por meio dele.<\/p>\n<p>Mas afirmo que n\u00e3o s\u00e3o os votos e louvores ao trono dav\u00eddico o eixo do Salmo. Sem d\u00favida s\u00e3o essas as prerrogativas do rei messi\u00e2nico; \u00e9 o que lhe cabe em raz\u00e3o do pacto dav\u00eddico. Mas a espinha dorsal do Salmo \u00e9 a ora\u00e7\u00e3o do rei e pelo rei para que ele se torne digno dessa posi\u00e7\u00e3o. A quest\u00e3o que se coloca n\u00e3o \u00e9 se vir\u00e3o ao rei as b\u00ean\u00e7\u00e3os, e qual o seu n\u00famero, mas se ele se tornar\u00e1 uma b\u00ean\u00e7\u00e3o. Todo o problema \u00e9 se o rei ser\u00e1 justo e reto, se julgar\u00e1 o povo corretamente.<\/p>\n<p>E de que consiste essa justi\u00e7a? Do muito que se pode dizer sobre a justi\u00e7a, \u00e9 claro que uma dimens\u00e3o particular da justi\u00e7a \u00e9 enfatizada: a equidade. A justi\u00e7a n\u00e3o \u00e9, de modo algum, tratada como mera conforma\u00e7\u00e3o \u00e0 ordem legal, mas como princ\u00edpio substancial. Ela est\u00e1 assim associada a outras virtudes, como a compaix\u00e3o. O rei \u00e9 justo porque tem compaix\u00e3o, porque resgata da opress\u00e3o; e o faz porque &#8220;considera preciosa a vida deles&#8221;. A justi\u00e7a tem a ver, aqui, com o direito que procede do valor intr\u00ednseco das pessoas, e da rela\u00e7\u00e3o de cuidado que o rei tem com elas. E essa justi\u00e7a demanda cuidado especial com que \u00e9 mais fraco, com quem est\u00e1 sujeito \u00e0 opress\u00e3o, com quem \u00e9 necessitado.<\/p>\n<p>N\u00e3o se trata, \u00e9 claro, de mera invers\u00e3o da ordem econ\u00f4mica. Nem de meros benef\u00edcios e privil\u00e9gios sociais; ele tamb\u00e9m ora para que &#8220;os justos flores\u00e7am durante o seu reinado&#8221;. A retid\u00e3o, o cumprimento das leis de Deus e o reconhecimento do direito n\u00e3o s\u00e3o subvertidos em nome de um projeto de &#8220;avan\u00e7os sociais&#8221;, como se certos pecados e pequenas injusti\u00e7as fossem aceit\u00e1veis em nome do bem comum, \u00e0 moda Utilitarista.<\/p>\n<p>Mas a\u00ed est\u00e1: a justi\u00e7a, associada \u00e0 compaix\u00e3o, segue uma ordem: primeiro o fraco, o necessitado e o pobre, e depois os outros tamb\u00e9m. N\u00e3o para favorec\u00ea-los injustamente e ilegalmente no julgamento, como \u00e9 expressamente proibido em Lev\u00edtico 19.15, mas para que, em sua desvantagem, ele seja tratado com equidade. Assim \u00e9 o Senhor Jesus, o rei justo; mas assim devem ser todos os reis, e em verdade todos os seus servos. Para que &#8220;todas as na\u00e7\u00f5es sejam aben\u00e7oadas por meio dele&#8221; (vc 17).<\/p>\n<p>Cabe pois a n\u00f3s a mesma ora\u00e7\u00e3o: &#8220;D\u00e1 a n\u00f3s a tua justi\u00e7a, \u00f3 Deus&#8221;. Pois se somos herdeiros das promessas, precisamos ainda viver \u00e0 altura delas.<\/p>\n","protected":false},"excerpt":{"rendered":"<p>&#8220;D\u00e1 ao rei tua justi\u00e7a, \u00f3 Deus, e concede retid\u00e3o ao filho do rei. Ajuda-o a julgar teu povo corretamente; que os pobres sejam tratados com imparcialidade. Que os montes produzam prosperidade para todos, e que as colinas deem muitos frutos. Ajuda-o a defender os pobres dentre o povo, a salvar os filhos dos necessitados. [&hellip;]<\/p>\n","protected":false},"author":23,"featured_media":0,"comment_status":"open","ping_status":"open","sticky":false,"template":"","format":"standard","meta":{"ngg_post_thumbnail":0,"footnotes":""},"categories":[116],"tags":[],"class_list":["post-1095","post","type-post","status-publish","format-standard","hentry","category-blog","count-0","even alt","author-guilhermevrc","last"],"_links":{"self":[{"href":"https:\/\/ultimato.com.br\/sites\/guilhermedecarvalho\/wp-json\/wp\/v2\/posts\/1095","targetHints":{"allow":["GET"]}}],"collection":[{"href":"https:\/\/ultimato.com.br\/sites\/guilhermedecarvalho\/wp-json\/wp\/v2\/posts"}],"about":[{"href":"https:\/\/ultimato.com.br\/sites\/guilhermedecarvalho\/wp-json\/wp\/v2\/types\/post"}],"author":[{"embeddable":true,"href":"https:\/\/ultimato.com.br\/sites\/guilhermedecarvalho\/wp-json\/wp\/v2\/users\/23"}],"replies":[{"embeddable":true,"href":"https:\/\/ultimato.com.br\/sites\/guilhermedecarvalho\/wp-json\/wp\/v2\/comments?post=1095"}],"version-history":[{"count":1,"href":"https:\/\/ultimato.com.br\/sites\/guilhermedecarvalho\/wp-json\/wp\/v2\/posts\/1095\/revisions"}],"predecessor-version":[{"id":1096,"href":"https:\/\/ultimato.com.br\/sites\/guilhermedecarvalho\/wp-json\/wp\/v2\/posts\/1095\/revisions\/1096"}],"wp:attachment":[{"href":"https:\/\/ultimato.com.br\/sites\/guilhermedecarvalho\/wp-json\/wp\/v2\/media?parent=1095"}],"wp:term":[{"taxonomy":"category","embeddable":true,"href":"https:\/\/ultimato.com.br\/sites\/guilhermedecarvalho\/wp-json\/wp\/v2\/categories?post=1095"},{"taxonomy":"post_tag","embeddable":true,"href":"https:\/\/ultimato.com.br\/sites\/guilhermedecarvalho\/wp-json\/wp\/v2\/tags?post=1095"}],"curies":[{"name":"wp","href":"https:\/\/api.w.org\/{rel}","templated":true}]}}