{"id":1061,"date":"2015-07-20T20:38:46","date_gmt":"2015-07-20T23:38:46","guid":{"rendered":"http:\/\/ultimato.com.br\/sites\/guilhermedecarvalho\/?p=1061"},"modified":"2015-07-20T23:11:19","modified_gmt":"2015-07-21T02:11:19","slug":"sobre-a-ciencia-crista-das-afeicoes","status":"publish","type":"post","link":"https:\/\/ultimato.com.br\/sites\/guilhermedecarvalho\/2015\/07\/20\/sobre-a-ciencia-crista-das-afeicoes\/","title":{"rendered":"Sobre a &#8220;Ci\u00eancia Crist\u00e3 das Afei\u00e7\u00f5es&#8221;"},"content":{"rendered":"<p>&nbsp;<\/p>\n<p>Um dos mais importantes campos de poder na sociedade contempor\u00e2nea \u00e9 o campo afetivo. Temos falado repetidamente sobre esse assunto e os temas a ele associados em palestras e debates no L&#8217;Abri e pelo Brasil: amizade, afei\u00e7\u00e3o, sexo, amor, caridade, direitos afetivos, sentimentalismo, psicoteologia&#8230; \u00a0Um mundo de assuntos!<\/p>\n<p>A emerg\u00eancia desse campo e sua crescente import\u00e2ncia para a moral, a religi\u00e3o, a economia e a pol\u00edtica, levaram-me a descrever essa nova situa\u00e7\u00e3o como &#8220;A Revolu\u00e7\u00e3o Afetiva&#8221;.\u00a0Explico (resumidamente): <!--more--><\/p>\n<p>&nbsp;<\/p>\n<p><strong>A REVOLU\u00c7\u00c3O AFETIVA<img loading=\"lazy\" decoding=\"async\" class=\"  wp-image-1062 alignright\" src=\"http:\/\/ultimato.com.br\/sites\/guilhermedecarvalho\/files\/2015\/07\/NoivaJudia.jpg\" alt=\"NoivaJudia\" width=\"196\" height=\"168\" srcset=\"https:\/\/ultimato.com.br\/sites\/guilhermedecarvalho\/files\/2015\/07\/NoivaJudia.jpg 758w, https:\/\/ultimato.com.br\/sites\/guilhermedecarvalho\/files\/2015\/07\/NoivaJudia-300x255.jpg 300w\" sizes=\"auto, (max-width: 196px) 100vw, 196px\" \/><\/strong><\/p>\n<p>A revolu\u00e7\u00e3o afetiva \u00e9 uma grande transforma\u00e7\u00e3o cultural, iniciada a partir do movimento rom\u00e2ntico no s\u00e9culo XIX, e cujo principal motor foi a emerg\u00eancia do capitalismo afetivo (Eva Illouz). Essa transforma\u00e7\u00e3o se deu inicialmente pela diferencia\u00e7\u00e3o do campo ou esfera afetiva da sociedade (o campo que envolve a classe psicol\u00f3gica, a pedagogia, a m\u00eddia pop e a moda, os capitais afetivos, as compet\u00eancias afetivas, a afetiviza\u00e7\u00e3o da religi\u00e3o e o movimento Queer com sua ideologia de g\u00eanero). O crescimento do campo afetivo mostrou, no entanto, que parte de sua for\u00e7a vem de sua escravid\u00e3o \u00e0 l\u00f3gica do capital, criando um perverso subproduto geralmente descrito como &#8220;<strong>sentimentalismo<\/strong>&#8220;, e justificando a coloniza\u00e7\u00e3o e controle de v\u00e1rios campos da vida pelo capital afetivo.<\/p>\n<p>A \u00a0primeira vez em que introduzimos o tema foi na Confer\u00eancia L&#8217;Abri &#8220;F\u00e9 e Sexo&#8221;, em Julho de 2013. Uma vers\u00e3o mais completa da palestra foi ministrada em L&#8217;Abri Fellowship Brasil, em Janeiro de 2014.\u00a0Na palestra procuramos mostrar que as transforma\u00e7\u00f5es do casamento e da \u00e9tica sexual s\u00e3o fun\u00e7\u00f5es da amplia\u00e7\u00e3o do campo afetivo e de sua tentativa de absorver institui\u00e7\u00f5es de outros campos, notadamente do campo moral, com o conceito de &#8220;casamento igualit\u00e1rio&#8221; em substitui\u00e7\u00e3o ao de &#8220;casamento conjugal&#8221;. Discutimos tamb\u00e9m a forma adequada de uma resposta Crist\u00e3 p\u00fablica a esse problema biopol\u00edtico e <strong>psicopol\u00edtico<\/strong>. Essa palestra est\u00e1 dispon\u00edvel no canal de youtube do L&#8217;Abri, <a href=\"https:\/\/www.youtube.com\/watch?v=AtDpUa087PM\" target=\"_blank\">AQUI<\/a>, e o pessoal do Movimento Mosaico gravou comigo <a href=\"https:\/\/www.youtube.com\/watch?v=2xyj9DtaYkM\" target=\"_blank\">um v\u00eddeo curtinho sobre o tema AQUI<\/a>.<\/p>\n<p>&nbsp;<\/p>\n<p><strong>A CI\u00caNCIA CRIST\u00c3 DAS AFEI\u00c7\u00d5ES<\/strong><\/p>\n<p>Depois de ouvir a essa palestra, alguns ouvintes se perguntaram sobre qual seria<em> a resposta \u00e0 revolu\u00e7\u00e3o afetiva<\/em>. Temos trabalhado bastante nesse tema, e algumas palestras foram produzidas sobre isso; esperamos ter vers\u00f5es transcritas e ampliadas em um futuro pr\u00f3ximo. Mas recentemente tivemos um \u00f3timo tempo aqui em L&#8217;Abri com a turma do <a href=\"https:\/\/www.facebook.com\/MosaicoMov\" target=\"_blank\">Movimento Mosaico (Goi\u00e2nia)<\/a>, e os companheiros gravaram um v\u00eddeo bem curtinho sobre minha leitura e aplica\u00e7\u00f5es da obra &#8220;<strong>Os Quatro Amores<\/strong>&#8220;, de C. S. Lewis (Martins Fontes). No v\u00eddeo apresento a ideia da &#8220;Ordo Amoris&#8221; &#8211; uma ideia de Santo Agostinho, emprestada e adaptada por Lewis &#8211; como base para uma &#8220;Ci\u00eancia Crist\u00e3 das Afei\u00e7\u00f5es&#8221;.<\/p>\n<p>Tal ci\u00eancia seria algo muito distinto das redu\u00e7\u00f5es sociol\u00f3gicas ou psicol\u00f3gicas da afetividade; em outras palavras: recusando a <strong>psicologiza\u00e7\u00e3o do amor (e, consequentemente, a afetiviza\u00e7\u00e3o da moralidade)<\/strong>, ela buscaria seus v\u00ednculos superiores com a moralidade e a espiritualidade. Essa &#8220;Sabedoria&#8221; dos amores seria uma vis\u00e3o \u00e9tica\u00a0sobre como as afetividades devem ser vinculadas a bens positivos de forma proporcional e apropriada a seus valores objetivos. Nesse sentido, um retorno \u00e0 virtude e uma correla\u00e7\u00e3o da virtude com as afetividades seria essencial para responder \u00e0 revolu\u00e7\u00e3o afetiva e aos desvios da sociedade &#8220;p\u00f3s-emocional&#8221;. Segue o v\u00eddeo:<\/p>\n<p>&nbsp;<\/p>\n<p><iframe loading=\"lazy\" src=\"https:\/\/www.youtube.com\/embed\/AFcUx8iMHG4\" width=\"560\" height=\"315\" frameborder=\"0\" allowfullscreen=\"allowfullscreen\"><\/iframe><\/p>\n","protected":false},"excerpt":{"rendered":"<p>&nbsp; Um dos mais importantes campos de poder na sociedade contempor\u00e2nea \u00e9 o campo afetivo. Temos falado repetidamente sobre esse assunto e os temas a ele associados em palestras e debates no L&#8217;Abri e pelo Brasil: amizade, afei\u00e7\u00e3o, sexo, amor, caridade, direitos afetivos, sentimentalismo, psicoteologia&#8230; \u00a0Um mundo de assuntos! A emerg\u00eancia desse campo e sua [&hellip;]<\/p>\n","protected":false},"author":23,"featured_media":1062,"comment_status":"open","ping_status":"open","sticky":false,"template":"","format":"standard","meta":{"ngg_post_thumbnail":0,"footnotes":""},"categories":[116,8229,6004,92],"tags":[10583,26826,10586,5206,5304,26824,4783,7636,26828,26820,26822,26818,26776,26821],"class_list":["post-1061","post","type-post","status-publish","format-standard","has-post-thumbnail","hentry","category-blog","category-labri","category-sexualidade","category-video","tag-afetividade","tag-agape","tag-amizade","tag-amor","tag-c-s-lewis","tag-eros","tag-espiritualidade","tag-etica","tag-eva-illouz","tag-filosofia-moral","tag-quatro-amores","tag-revolucao-afetiva","tag-sentimentalismo","tag-virtude","count-0","even alt","author-guilhermevrc","last"],"_links":{"self":[{"href":"https:\/\/ultimato.com.br\/sites\/guilhermedecarvalho\/wp-json\/wp\/v2\/posts\/1061","targetHints":{"allow":["GET"]}}],"collection":[{"href":"https:\/\/ultimato.com.br\/sites\/guilhermedecarvalho\/wp-json\/wp\/v2\/posts"}],"about":[{"href":"https:\/\/ultimato.com.br\/sites\/guilhermedecarvalho\/wp-json\/wp\/v2\/types\/post"}],"author":[{"embeddable":true,"href":"https:\/\/ultimato.com.br\/sites\/guilhermedecarvalho\/wp-json\/wp\/v2\/users\/23"}],"replies":[{"embeddable":true,"href":"https:\/\/ultimato.com.br\/sites\/guilhermedecarvalho\/wp-json\/wp\/v2\/comments?post=1061"}],"version-history":[{"count":6,"href":"https:\/\/ultimato.com.br\/sites\/guilhermedecarvalho\/wp-json\/wp\/v2\/posts\/1061\/revisions"}],"predecessor-version":[{"id":1068,"href":"https:\/\/ultimato.com.br\/sites\/guilhermedecarvalho\/wp-json\/wp\/v2\/posts\/1061\/revisions\/1068"}],"wp:featuredmedia":[{"embeddable":true,"href":"https:\/\/ultimato.com.br\/sites\/guilhermedecarvalho\/wp-json\/wp\/v2\/media\/1062"}],"wp:attachment":[{"href":"https:\/\/ultimato.com.br\/sites\/guilhermedecarvalho\/wp-json\/wp\/v2\/media?parent=1061"}],"wp:term":[{"taxonomy":"category","embeddable":true,"href":"https:\/\/ultimato.com.br\/sites\/guilhermedecarvalho\/wp-json\/wp\/v2\/categories?post=1061"},{"taxonomy":"post_tag","embeddable":true,"href":"https:\/\/ultimato.com.br\/sites\/guilhermedecarvalho\/wp-json\/wp\/v2\/tags?post=1061"}],"curies":[{"name":"wp","href":"https:\/\/api.w.org\/{rel}","templated":true}]}}