{"id":312,"date":"2008-01-07T08:39:00","date_gmt":"2008-01-07T11:39:00","guid":{"rendered":"http:\/\/www.gladircabral.com.br\/2008\/01\/07\/conserto\/"},"modified":"2008-01-07T08:39:00","modified_gmt":"2008-01-07T11:39:00","slug":"conserto","status":"publish","type":"post","link":"https:\/\/ultimato.com.br\/sites\/gladircabral\/2008\/01\/07\/conserto\/","title":{"rendered":"conserto"},"content":{"rendered":"<p><a href=\"http:\/\/bp1.blogger.com\/_pJMQ0w0Dgkk\/R4ISbBVhNdI\/AAAAAAAAACM\/X7SAoPSVoo4\/s1600-h\/chacara+048a.jpg\"><img decoding=\"async\" src=\"http:\/\/bp1.blogger.com\/_pJMQ0w0Dgkk\/R4ISbBVhNdI\/AAAAAAAAACM\/X7SAoPSVoo4\/s320\/chacara+048a.jpg\" style=\"margin: 0pt 0pt 10px 10px;float: right;cursor: pointer\" id=\"BLOGGER_PHOTO_ID_5152701179089728978\" border=\"0\" \/><\/a>Saiu finalmente a primeira parceria com <a href=\"http:\/\/www.tiagovianna.com\/\" target=\"_blank\">Tiago Vianna<\/a>! Custou, rapaz. Mas valeu a pena. Eis a\u00ed alguma coisa para come\u00e7ar.<br \/>\n<span><br \/>\n<\/span><\/p>\n<blockquote><p><span> \u00c9 fim de tarde<\/span><br \/>\n<span>As folhas dan\u00e7am ao vento<\/span><br \/>\n<span>E o pescador se distrai<\/span><br \/>\n<span> <\/span><span>E conserta as suas redes<\/span><br \/>\n<span>Em sil\u00eancio<\/span><span><\/span><span>E relembra as ondas e o barco<br \/>\n<\/span><span>Noite em claro e ele t\u00e3o longe do lar<br \/>\n<\/span><span>Tempestade em mar aberto<br \/>\n<\/span><span>Pensamento<\/span><span><\/span><\/p>\n<p><span>As agulhas e as linhas<br \/>\n<\/span><span>O olhar de quem j\u00e1 n\u00e3o mais sente nas m\u00e3os<br \/>\n<\/span><span>A pr\u00f3pria dor<br \/>\n<\/span><span>O talho t\u00e3o cruel<\/span><span><\/span><\/p>\n<p><span>Fios soltos e rompidos<br \/>\n<\/span><span>Logo reparados e cingidos assim<br \/>\n<\/span><span>Com for\u00e7a e com vigor<br \/>\n<\/span><span>E mais um carretel<\/span><span><\/span><\/p>\n<p><span>Assim \u00e9 Deus em seu amor<br \/>\n<\/span><span>A corrigir e emendar<br \/>\n<\/span><span>Nossas redes rotas, t\u00e3o poucas,<br \/>\n<\/span><span>E o cora\u00e7\u00e3o infiel e teimoso<\/span><span><\/span><\/p>\n<p><span>Assim \u00e9 Deus em seu amor<br \/>\n<\/span><span>A refazer e retomar<br \/>\n<\/span><span>La\u00e7os t\u00e3o humanos, t\u00e3o fr\u00e1geis<br \/>\n<\/span><span>Num mundo cada vez mais perigoso<\/span><span><\/span><\/p>\n<p><span>Logo tudo se renova<br \/>\n<\/span><span>O horizonte anuncia:<br \/>\n<\/span><span>O sol nascente brilha!<br \/>\n<\/span><span>O vento j\u00e1 mudou<br \/>\n<\/span><span>O pescador j\u00e1 voltou ao mar<br \/>\n<\/span><span>E a longa praia a esperar<br \/>\n<\/span><span>Algu\u00e9m que logo ir\u00e1 voltar<\/span><\/p><\/blockquote>\n<p style=\"text-align: right\"><span>(<em>Tiago Vianna e Gladir Cabral<\/em>)<\/span><br \/>\n<span><\/span><\/p>\n","protected":false},"excerpt":{"rendered":"<p>Saiu finalmente a primeira parceria com Tiago Vianna! Custou, rapaz. Mas valeu a pena. Eis a\u00ed alguma coisa para come\u00e7ar. \u00c9 fim de tarde As folhas dan\u00e7am ao vento E o pescador se distrai E conserta as suas redes Em sil\u00eancioE relembra as ondas e o barco Noite em claro e ele t\u00e3o longe do [&hellip;]<\/p>\n","protected":false},"author":35,"featured_media":0,"comment_status":"open","ping_status":"open","sticky":false,"template":"","format":"standard","meta":{"ngg_post_thumbnail":0,"footnotes":""},"categories":[12738],"tags":[5205,12808,12791,145],"class_list":["post-312","post","type-post","status-publish","format-standard","hentry","category-cancoes","tag-amigos","tag-cancoes","tag-parcerias","tag-tiago-vianna"],"_links":{"self":[{"href":"https:\/\/ultimato.com.br\/sites\/gladircabral\/wp-json\/wp\/v2\/posts\/312","targetHints":{"allow":["GET"]}}],"collection":[{"href":"https:\/\/ultimato.com.br\/sites\/gladircabral\/wp-json\/wp\/v2\/posts"}],"about":[{"href":"https:\/\/ultimato.com.br\/sites\/gladircabral\/wp-json\/wp\/v2\/types\/post"}],"author":[{"embeddable":true,"href":"https:\/\/ultimato.com.br\/sites\/gladircabral\/wp-json\/wp\/v2\/users\/35"}],"replies":[{"embeddable":true,"href":"https:\/\/ultimato.com.br\/sites\/gladircabral\/wp-json\/wp\/v2\/comments?post=312"}],"version-history":[{"count":0,"href":"https:\/\/ultimato.com.br\/sites\/gladircabral\/wp-json\/wp\/v2\/posts\/312\/revisions"}],"wp:attachment":[{"href":"https:\/\/ultimato.com.br\/sites\/gladircabral\/wp-json\/wp\/v2\/media?parent=312"}],"wp:term":[{"taxonomy":"category","embeddable":true,"href":"https:\/\/ultimato.com.br\/sites\/gladircabral\/wp-json\/wp\/v2\/categories?post=312"},{"taxonomy":"post_tag","embeddable":true,"href":"https:\/\/ultimato.com.br\/sites\/gladircabral\/wp-json\/wp\/v2\/tags?post=312"}],"curies":[{"name":"wp","href":"https:\/\/api.w.org\/{rel}","templated":true}]}}