{"id":311,"date":"2008-01-07T08:32:00","date_gmt":"2008-01-07T11:32:00","guid":{"rendered":"http:\/\/www.gladircabral.com.br\/2008\/01\/07\/trabalha-poeta-silvestre-kuhlmann\/"},"modified":"2008-01-07T08:32:00","modified_gmt":"2008-01-07T11:32:00","slug":"trabalha-poeta-silvestre-kuhlmann","status":"publish","type":"post","link":"https:\/\/ultimato.com.br\/sites\/gladircabral\/2008\/01\/07\/trabalha-poeta-silvestre-kuhlmann\/","title":{"rendered":"trabalha, poeta (Silvestre Kuhlmann)"},"content":{"rendered":"<p>Tenho ouvido ultimamente as can\u00e7\u00f5es do compositor, arranjador e poeta <a href=\"http:\/\/www.silvestre.mus.br\/\" target=\"_blank\"><strong>Silvestre Kuhlmann<\/strong><\/a>. Eis aqui uma de suas preciosidades.<\/p>\n<blockquote><p>Sem meias palavras,<br \/>\nSemeia a palavra,<br \/>\nCultiva a boa semente;<br \/>\nEspalha por este solo da Terra<br \/>\nPoemas.<\/p>\n<p>A pena, a peneira, a pepita,<br \/>\nGarimpa, lapida;<br \/>\nDescobre o tesouro,<br \/>\nCava com a p\u00e1.<\/p>\n<p>Provoca o vocabul\u00e1rio,<br \/>\nBulindo no vocabul\u00e1rio;<br \/>\nBurla o sentido, faz o belo.<br \/>\nElabora, labora.<\/p>\n<p>Procura a cura no verso.<br \/>\nEmo\u00e7\u00e3o, rea\u00e7\u00e3o adversa;<br \/>\n\u00c9 perverso ver o mundo<br \/>\nSem teu olhar, poeta.<\/p>\n<p>Se te moves, poeta,<br \/>\nComoves;<br \/>\nPoeta, n\u00e3o te acomodes<br \/>\nNas cavernas da melancolia.<\/p><\/blockquote>\n<p align=\"right\">(Silvestre Kuhlmann)<\/p>\n","protected":false},"excerpt":{"rendered":"<p>Tenho ouvido ultimamente as can\u00e7\u00f5es do compositor, arranjador e poeta Silvestre Kuhlmann. Eis aqui uma de suas preciosidades. Sem meias palavras, Semeia a palavra, Cultiva a boa semente; Espalha por este solo da Terra Poemas. A pena, a peneira, a pepita, Garimpa, lapida; Descobre o tesouro, Cava com a p\u00e1. Provoca o vocabul\u00e1rio, Bulindo no [&hellip;]<\/p>\n","protected":false},"author":35,"featured_media":0,"comment_status":"open","ping_status":"open","sticky":false,"template":"","format":"standard","meta":{"ngg_post_thumbnail":0,"footnotes":""},"categories":[12744],"tags":[5205,12808,12794],"class_list":["post-311","post","type-post","status-publish","format-standard","hentry","category-de-outros","tag-amigos","tag-cancoes","tag-silvestre-kuhlmann"],"_links":{"self":[{"href":"https:\/\/ultimato.com.br\/sites\/gladircabral\/wp-json\/wp\/v2\/posts\/311","targetHints":{"allow":["GET"]}}],"collection":[{"href":"https:\/\/ultimato.com.br\/sites\/gladircabral\/wp-json\/wp\/v2\/posts"}],"about":[{"href":"https:\/\/ultimato.com.br\/sites\/gladircabral\/wp-json\/wp\/v2\/types\/post"}],"author":[{"embeddable":true,"href":"https:\/\/ultimato.com.br\/sites\/gladircabral\/wp-json\/wp\/v2\/users\/35"}],"replies":[{"embeddable":true,"href":"https:\/\/ultimato.com.br\/sites\/gladircabral\/wp-json\/wp\/v2\/comments?post=311"}],"version-history":[{"count":0,"href":"https:\/\/ultimato.com.br\/sites\/gladircabral\/wp-json\/wp\/v2\/posts\/311\/revisions"}],"wp:attachment":[{"href":"https:\/\/ultimato.com.br\/sites\/gladircabral\/wp-json\/wp\/v2\/media?parent=311"}],"wp:term":[{"taxonomy":"category","embeddable":true,"href":"https:\/\/ultimato.com.br\/sites\/gladircabral\/wp-json\/wp\/v2\/categories?post=311"},{"taxonomy":"post_tag","embeddable":true,"href":"https:\/\/ultimato.com.br\/sites\/gladircabral\/wp-json\/wp\/v2\/tags?post=311"}],"curies":[{"name":"wp","href":"https:\/\/api.w.org\/{rel}","templated":true}]}}