{"id":310,"date":"2008-01-03T14:31:00","date_gmt":"2008-01-03T17:31:00","guid":{"rendered":"http:\/\/www.gladircabral.com.br\/2008\/01\/03\/sinfonia-do-perdao-jorge-camargo\/"},"modified":"2008-01-03T14:31:00","modified_gmt":"2008-01-03T17:31:00","slug":"sinfonia-do-perdao-jorge-camargo","status":"publish","type":"post","link":"https:\/\/ultimato.com.br\/sites\/gladircabral\/2008\/01\/03\/sinfonia-do-perdao-jorge-camargo\/","title":{"rendered":"sinfonia do perd\u00e3o (Jorge Camargo)"},"content":{"rendered":"<p>Isso aconteceu no final de 2006. O tempo passa, mas ainda ressoa a beleza desta humana sinfonia.<\/p>\n<p>Na \u00faltima ter\u00e7a-feira (21\/11), minha m\u00e3e Vanira, levantou mais cedo que de costume.<\/p>\n<p>Sentou na cadeira da sala de jantar e puxou uma conversa leve e descompromissada com meu pai. Surpreso com sua presen\u00e7a inesperada, seu Jorge, o &#8220;preto&#8221; como era carinhosamente chamado por ela, esticou o bate-papo.<\/p>\n<p>Minutos depois, ela reclamou de uma dor no peito e foi se deitar.Ele a acompanhou.<\/p>\n<p>Ao lado da cama, a frase inesperada: &#8220;Preto, me perdoe. Me perdoe pelas palavras \u00e1speras e pelas dores que lhe causei nesses anos juntos(quarenta e seis, pra ser mais exato).<\/p>\n<p>&#8220;Eu \u00e9 que te pe\u00e7o perd\u00e3o!&#8221;, ele respondeu.<\/p>\n<p>Foram as \u00faltimas palavras de minha m\u00e3e.<\/p>\n<p>Naquele quarto apertado de uma casa pequena e simples perdida na periferia da grande cidade uma obra de rara beleza foi executada.O tema? A Sinfonia do Perd\u00e3o.<\/p>\n<p>Aqui nesse mundinho f\u00e9tido, apenas dois seres que se amaram e que foram c\u00famplices e parceiros de vida ouviram-na em todaa sua exuber\u00e2ncia.<\/p>\n<p>No c\u00e9u, m\u00edriades de anjos e Seu Grande Compositor testemunharam-na.<\/p>\n<p>Minhas l\u00e1grimas apenas captaram o eco de seus \u00faltimos acordes e registraram-na em minha alma como a mais linda obra musical que eu ouvi em toda a minha vida.<\/p>\n<p><em>por Jorge Camargo<\/em><\/p>\n","protected":false},"excerpt":{"rendered":"<p>Isso aconteceu no final de 2006. O tempo passa, mas ainda ressoa a beleza desta humana sinfonia. Na \u00faltima ter\u00e7a-feira (21\/11), minha m\u00e3e Vanira, levantou mais cedo que de costume. Sentou na cadeira da sala de jantar e puxou uma conversa leve e descompromissada com meu pai. Surpreso com sua presen\u00e7a inesperada, seu Jorge, o [&hellip;]<\/p>\n","protected":false},"author":35,"featured_media":0,"comment_status":"open","ping_status":"open","sticky":false,"template":"","format":"standard","meta":{"ngg_post_thumbnail":0,"footnotes":""},"categories":[12744],"tags":[5205,12811,5693],"class_list":["post-310","post","type-post","status-publish","format-standard","hentry","category-de-outros","tag-amigos","tag-jorge-camargo","tag-lembrancas"],"_links":{"self":[{"href":"https:\/\/ultimato.com.br\/sites\/gladircabral\/wp-json\/wp\/v2\/posts\/310","targetHints":{"allow":["GET"]}}],"collection":[{"href":"https:\/\/ultimato.com.br\/sites\/gladircabral\/wp-json\/wp\/v2\/posts"}],"about":[{"href":"https:\/\/ultimato.com.br\/sites\/gladircabral\/wp-json\/wp\/v2\/types\/post"}],"author":[{"embeddable":true,"href":"https:\/\/ultimato.com.br\/sites\/gladircabral\/wp-json\/wp\/v2\/users\/35"}],"replies":[{"embeddable":true,"href":"https:\/\/ultimato.com.br\/sites\/gladircabral\/wp-json\/wp\/v2\/comments?post=310"}],"version-history":[{"count":0,"href":"https:\/\/ultimato.com.br\/sites\/gladircabral\/wp-json\/wp\/v2\/posts\/310\/revisions"}],"wp:attachment":[{"href":"https:\/\/ultimato.com.br\/sites\/gladircabral\/wp-json\/wp\/v2\/media?parent=310"}],"wp:term":[{"taxonomy":"category","embeddable":true,"href":"https:\/\/ultimato.com.br\/sites\/gladircabral\/wp-json\/wp\/v2\/categories?post=310"},{"taxonomy":"post_tag","embeddable":true,"href":"https:\/\/ultimato.com.br\/sites\/gladircabral\/wp-json\/wp\/v2\/tags?post=310"}],"curies":[{"name":"wp","href":"https:\/\/api.w.org\/{rel}","templated":true}]}}