{"id":307,"date":"2007-12-22T10:21:00","date_gmt":"2007-12-22T13:21:00","guid":{"rendered":"http:\/\/www.gladircabral.com.br\/2007\/12\/22\/campo-branco-elomar\/"},"modified":"2007-12-22T10:21:00","modified_gmt":"2007-12-22T13:21:00","slug":"campo-branco-elomar","status":"publish","type":"post","link":"https:\/\/ultimato.com.br\/sites\/gladircabral\/2007\/12\/22\/campo-branco-elomar\/","title":{"rendered":"campo branco (elomar)"},"content":{"rendered":"<p><a href=\"http:\/\/bp3.blogger.com\/_pJMQ0w0Dgkk\/R20RBUP3ygI\/AAAAAAAAABU\/Cbz9J6LOqhw\/s1600-h\/elomar.jpg\"><img decoding=\"async\" src=\"http:\/\/bp3.blogger.com\/_pJMQ0w0Dgkk\/R20RBUP3ygI\/AAAAAAAAABU\/Cbz9J6LOqhw\/s200\/elomar.jpg\" id=\"BLOGGER_PHOTO_ID_5146788663467166210\" align=\"right\" border=\"0\" \/><\/a><br \/>\nCada vez que ou\u00e7o esta can\u00e7\u00e3o, minha alma se inspira, sonha, canta, chora, lamenta e louva. Viva o grande poeta Elomar.<\/p>\n<blockquote><p>Campo Branco minhas penas que pena secou<br \/>\nTodo bem qui n\u00f3is tinha era a chuva era o amor<br \/>\nNum tem nada n\u00e3o n\u00f3is dois vai penano assim<br \/>\nCampo lindo ai qui tempo ruim<br \/>\nTu sem chuva e a tristeza em mim<\/p>\n<p>Pe\u00e7o a Deus grande Deus de Abra\u00e3o<br \/>\nPr\u00e1 arrancar as pena do meu cora\u00e7\u00e3o<br \/>\nDessa terra s\u00eaca en an\u00e7a e afli\u00e7\u00e3o<br \/>\nTodo bem \u00e9 de Deus qui vem<br \/>\nQuem tem bem l\u00f4va Deus seu bem<br \/>\nQuem n\u00e3o tem pede a Deus qui vem<\/p>\n<p>Pela sombra do vale do ri Gavi\u00e3o<br \/>\nOs rebanho esperam a trovoada chover<br \/>\nNum tem nada n\u00e3o tamb\u00e9m no meu cora\u00e7\u00e3o<br \/>\nV\u00f4 ter relempo e trov\u00e3o<br \/>\nMinh\u2019alma vai florescer<\/p>\n<p>Quando a amada e esperada trovoada cheg\u00e1<br \/>\nIantes da quadra as marr\u00e3 v\u00e3o t\u00ea<br \/>\nSei qui inda v\u00f4 v\u00ea marr\u00e3 par\u00ed sem quer\u00ea<br \/>\nAmanh\u00e3 no amanhecer<br \/>\nTard\u00e3 mais sei qui v\u00f4 ter<br \/>\nMeu dia inda vai nascer<\/p>\n<p>E essa tempo da vinda t\u00e1 perto de v\u00edn<br \/>\nSete casca aru\u00eara cantaram pr\u00e1 mim<br \/>\nTatarena vai rod\u00e1 vai bot\u00e1 ful\u00f4<br \/>\nMarela de u\u2019a veis s\u00f3<br \/>\nPra ela de u\u2019a veis s\u00f3<\/p><\/blockquote>\n<p><strong>Gloss\u00e1rio<\/strong><\/p>\n<p><strong>Campo Branco: <\/strong>Tradu\u00e7\u00e3o de Caatinga, express\u00e3o ind\u00edgena<br \/>\n<strong>An\u00e7a:<\/strong> \u00c2nsia<br \/>\n<strong>Iantes das quadra asmarr\u00e3 v\u00e3o ter<\/strong>: Antes do ciclo biol\u00f3gico das cabras, elas v\u00e3o parir<br \/>\n<strong>E esse tempo da vinda t\u00e1 perto de vim:<\/strong> Express\u00e3o b\u00edblica, derivada da profecia:<br \/>\nos tempos da ressurrei\u00e7\u00e3o est\u00e3o pr\u00f3ximos.<br \/>\n<strong>Sete casca aru\u00eara:<\/strong>\u00c1rvore medicinal<br \/>\n<strong>Tatarena:<\/strong> \u00c1rvore que se abre em flor, anunciadora da chuva<\/p>\n<p><a href=\"http:\/\/bp3.blogger.com\/_pJMQ0w0Dgkk\/R20RBUP3ygI\/AAAAAAAAABU\/Cbz9J6LOqhw\/s1600-h\/elomar.jpg\"><br \/>\n<\/a><\/p>\n","protected":false},"excerpt":{"rendered":"<p>Cada vez que ou\u00e7o esta can\u00e7\u00e3o, minha alma se inspira, sonha, canta, chora, lamenta e louva. Viva o grande poeta Elomar. Campo Branco minhas penas que pena secou Todo bem qui n\u00f3is tinha era a chuva era o amor Num tem nada n\u00e3o n\u00f3is dois vai penano assim Campo lindo ai qui tempo ruim Tu [&hellip;]<\/p>\n","protected":false},"author":35,"featured_media":0,"comment_status":"open","ping_status":"open","sticky":false,"template":"","format":"standard","meta":{"ngg_post_thumbnail":0,"footnotes":""},"categories":[12744],"tags":[5295,12784,12812],"class_list":["post-307","post","type-post","status-publish","format-standard","hentry","category-de-outros","tag-brasil","tag-elomar","tag-poesia"],"_links":{"self":[{"href":"https:\/\/ultimato.com.br\/sites\/gladircabral\/wp-json\/wp\/v2\/posts\/307","targetHints":{"allow":["GET"]}}],"collection":[{"href":"https:\/\/ultimato.com.br\/sites\/gladircabral\/wp-json\/wp\/v2\/posts"}],"about":[{"href":"https:\/\/ultimato.com.br\/sites\/gladircabral\/wp-json\/wp\/v2\/types\/post"}],"author":[{"embeddable":true,"href":"https:\/\/ultimato.com.br\/sites\/gladircabral\/wp-json\/wp\/v2\/users\/35"}],"replies":[{"embeddable":true,"href":"https:\/\/ultimato.com.br\/sites\/gladircabral\/wp-json\/wp\/v2\/comments?post=307"}],"version-history":[{"count":0,"href":"https:\/\/ultimato.com.br\/sites\/gladircabral\/wp-json\/wp\/v2\/posts\/307\/revisions"}],"wp:attachment":[{"href":"https:\/\/ultimato.com.br\/sites\/gladircabral\/wp-json\/wp\/v2\/media?parent=307"}],"wp:term":[{"taxonomy":"category","embeddable":true,"href":"https:\/\/ultimato.com.br\/sites\/gladircabral\/wp-json\/wp\/v2\/categories?post=307"},{"taxonomy":"post_tag","embeddable":true,"href":"https:\/\/ultimato.com.br\/sites\/gladircabral\/wp-json\/wp\/v2\/tags?post=307"}],"curies":[{"name":"wp","href":"https:\/\/api.w.org\/{rel}","templated":true}]}}