{"id":306,"date":"2007-12-14T22:21:00","date_gmt":"2007-12-15T01:21:00","guid":{"rendered":"http:\/\/www.gladircabral.com.br\/2007\/12\/14\/a-pedra-de-amolar\/"},"modified":"2007-12-14T22:21:00","modified_gmt":"2007-12-15T01:21:00","slug":"a-pedra-de-amolar","status":"publish","type":"post","link":"https:\/\/ultimato.com.br\/sites\/gladircabral\/2007\/12\/14\/a-pedra-de-amolar\/","title":{"rendered":"A Pedra de Amolar"},"content":{"rendered":"<p><a href=\"http:\/\/bp3.blogger.com\/_pJMQ0w0Dgkk\/R2MtF0P3yfI\/AAAAAAAAABM\/-aPaHRwxmd4\/s1600-h\/Diamanso.jpg\"><img decoding=\"async\" src=\"http:\/\/bp3.blogger.com\/_pJMQ0w0Dgkk\/R2MtF0P3yfI\/AAAAAAAAABM\/-aPaHRwxmd4\/s200\/Diamanso.jpg\" id=\"BLOGGER_PHOTO_ID_5144004777335048690\" align=\"right\" border=\"0\" \/><\/a><\/p>\n<blockquote><p> Aquele que comigo, quando eu choro, chora<br \/>\nAquele que comigo dan\u00e7a,<br \/>\nA este jamais direi:<br \/>\nOra, n\u00e3o me amolesPorque se como o ferro com ferro se afia<br \/>\nAfia o homem a seu amigo<br \/>\nIsto hoje te digo:<br \/>\nPodes me amolar!\u00d3 Deus, d\u00e1 que quando entre eu e meu amigo<br \/>\nHouver atrito a ponto de sair fa\u00edsca de fogo<br \/>\nQue eu n\u00e3o me desaponte porque esse tal<br \/>\n\u00c9 enviado teu pra que eu n\u00e3o fique cego<\/p>\n<p>Porque cego n\u00e3o v\u00ea que sem o esmeril<br \/>\nSe perde o fio, o gume<br \/>\nQuem pode perceber,<br \/>\nn\u00e3o perde a comunh\u00e3o, assume<br \/>\nEstende a m\u00e3o, aceita<br \/>\nA pedra de amolar<\/p><\/blockquote>\n<p style=\"text-align: right\">(<em>um poema do Roberto Diamanso<\/em>)<\/p>\n","protected":false},"excerpt":{"rendered":"<p>Aquele que comigo, quando eu choro, chora Aquele que comigo dan\u00e7a, A este jamais direi: Ora, n\u00e3o me amolesPorque se como o ferro com ferro se afia Afia o homem a seu amigo Isto hoje te digo: Podes me amolar!\u00d3 Deus, d\u00e1 que quando entre eu e meu amigo Houver atrito a ponto de sair [&hellip;]<\/p>\n","protected":false},"author":35,"featured_media":0,"comment_status":"open","ping_status":"open","sticky":false,"template":"","format":"standard","meta":{"ngg_post_thumbnail":0,"footnotes":""},"categories":[12744],"tags":[5205,12812,12813],"class_list":["post-306","post","type-post","status-publish","format-standard","hentry","category-de-outros","tag-amigos","tag-poesia","tag-roberto-diamanso"],"_links":{"self":[{"href":"https:\/\/ultimato.com.br\/sites\/gladircabral\/wp-json\/wp\/v2\/posts\/306","targetHints":{"allow":["GET"]}}],"collection":[{"href":"https:\/\/ultimato.com.br\/sites\/gladircabral\/wp-json\/wp\/v2\/posts"}],"about":[{"href":"https:\/\/ultimato.com.br\/sites\/gladircabral\/wp-json\/wp\/v2\/types\/post"}],"author":[{"embeddable":true,"href":"https:\/\/ultimato.com.br\/sites\/gladircabral\/wp-json\/wp\/v2\/users\/35"}],"replies":[{"embeddable":true,"href":"https:\/\/ultimato.com.br\/sites\/gladircabral\/wp-json\/wp\/v2\/comments?post=306"}],"version-history":[{"count":0,"href":"https:\/\/ultimato.com.br\/sites\/gladircabral\/wp-json\/wp\/v2\/posts\/306\/revisions"}],"wp:attachment":[{"href":"https:\/\/ultimato.com.br\/sites\/gladircabral\/wp-json\/wp\/v2\/media?parent=306"}],"wp:term":[{"taxonomy":"category","embeddable":true,"href":"https:\/\/ultimato.com.br\/sites\/gladircabral\/wp-json\/wp\/v2\/categories?post=306"},{"taxonomy":"post_tag","embeddable":true,"href":"https:\/\/ultimato.com.br\/sites\/gladircabral\/wp-json\/wp\/v2\/tags?post=306"}],"curies":[{"name":"wp","href":"https:\/\/api.w.org\/{rel}","templated":true}]}}