{"id":305,"date":"2007-11-21T20:05:00","date_gmt":"2007-11-21T23:05:00","guid":{"rendered":"http:\/\/www.gladircabral.com.br\/2007\/11\/21\/um-poema-de-drummond\/"},"modified":"2007-11-21T20:05:00","modified_gmt":"2007-11-21T23:05:00","slug":"um-poema-de-drummond","status":"publish","type":"post","link":"https:\/\/ultimato.com.br\/sites\/gladircabral\/2007\/11\/21\/um-poema-de-drummond\/","title":{"rendered":"um poema de drummond"},"content":{"rendered":"<p><strong>Amar<\/strong><br \/>\n<em>(Carlos Drummond de Andrade)<\/em><\/p>\n<blockquote><p> Que pode uma criatura sen\u00e3o,<br \/>\nentre criaturas, amar?<br \/>\namar e esquecer,<br \/>\namar e malamar,<br \/>\namar, desamar, amar?<br \/>\nsempre, e at\u00e9 de olhos vidrados, amar?Que pode, pergunto, o ser amoroso,<br \/>\nsozinho, em rota\u00e7\u00e3o universal, sen\u00e3o<br \/>\nrodar tamb\u00e9m, e amar?<br \/>\namar o que o mar traz \u00e0 praia,<br \/>\ne o que ele sepulta, e o que, na brisa marinha,<br \/>\n\u00e9 sal, ou precis\u00e3o de amor, ou simples \u00e2nsia?<\/p>\n<p>Amar solenemente as palmas do deserto,<br \/>\no que \u00e9 entrega ou adora\u00e7\u00e3o expectante,<br \/>\ne amar o in\u00f3spito, o \u00e1spero,<br \/>\num vaso sem flor, um ch\u00e3o de ferro,<br \/>\ne o peito inerte, e a rua vista em sonho, e uma ave de rapina.<\/p>\n<p>Este o nosso destino: amor sem conta,<br \/>\ndistribu\u00eddo pelas coisas p\u00e9rfidas ou nulas,<br \/>\ndoa\u00e7\u00e3o ilimitada a uma completa ingratid\u00e3o,<br \/>\ne na concha vazia do amor a procura medrosa,<br \/>\npaciente, de mais e mais amor.<\/p>\n<p>Amar a nossa falta mesma de amor, e na secura nossa<br \/>\namar a \u00e1gua impl\u00edcita, e o beijo t\u00e1cito, e a sede infinita.<\/p><\/blockquote>\n","protected":false},"excerpt":{"rendered":"<p>Amar (Carlos Drummond de Andrade) Que pode uma criatura sen\u00e3o, entre criaturas, amar? amar e esquecer, amar e malamar, amar, desamar, amar? sempre, e at\u00e9 de olhos vidrados, amar?Que pode, pergunto, o ser amoroso, sozinho, em rota\u00e7\u00e3o universal, sen\u00e3o rodar tamb\u00e9m, e amar? amar o que o mar traz \u00e0 praia, e o que ele [&hellip;]<\/p>\n","protected":false},"author":35,"featured_media":0,"comment_status":"open","ping_status":"open","sticky":false,"template":"","format":"standard","meta":{"ngg_post_thumbnail":0,"footnotes":""},"categories":[160],"tags":[5325,12812],"class_list":["post-305","post","type-post","status-publish","format-standard","hentry","category-poesia","tag-carlos-drummond-de-andrade","tag-poesia"],"_links":{"self":[{"href":"https:\/\/ultimato.com.br\/sites\/gladircabral\/wp-json\/wp\/v2\/posts\/305","targetHints":{"allow":["GET"]}}],"collection":[{"href":"https:\/\/ultimato.com.br\/sites\/gladircabral\/wp-json\/wp\/v2\/posts"}],"about":[{"href":"https:\/\/ultimato.com.br\/sites\/gladircabral\/wp-json\/wp\/v2\/types\/post"}],"author":[{"embeddable":true,"href":"https:\/\/ultimato.com.br\/sites\/gladircabral\/wp-json\/wp\/v2\/users\/35"}],"replies":[{"embeddable":true,"href":"https:\/\/ultimato.com.br\/sites\/gladircabral\/wp-json\/wp\/v2\/comments?post=305"}],"version-history":[{"count":0,"href":"https:\/\/ultimato.com.br\/sites\/gladircabral\/wp-json\/wp\/v2\/posts\/305\/revisions"}],"wp:attachment":[{"href":"https:\/\/ultimato.com.br\/sites\/gladircabral\/wp-json\/wp\/v2\/media?parent=305"}],"wp:term":[{"taxonomy":"category","embeddable":true,"href":"https:\/\/ultimato.com.br\/sites\/gladircabral\/wp-json\/wp\/v2\/categories?post=305"},{"taxonomy":"post_tag","embeddable":true,"href":"https:\/\/ultimato.com.br\/sites\/gladircabral\/wp-json\/wp\/v2\/tags?post=305"}],"curies":[{"name":"wp","href":"https:\/\/api.w.org\/{rel}","templated":true}]}}