{"id":304,"date":"2007-11-17T22:39:00","date_gmt":"2007-11-18T01:39:00","guid":{"rendered":"http:\/\/www.gladircabral.com.br\/2007\/11\/17\/para-os-ceticos\/"},"modified":"2007-11-17T22:39:00","modified_gmt":"2007-11-18T01:39:00","slug":"para-os-ceticos","status":"publish","type":"post","link":"https:\/\/ultimato.com.br\/sites\/gladircabral\/2007\/11\/17\/para-os-ceticos\/","title":{"rendered":"para os c\u00e9ticos"},"content":{"rendered":"<p><a href=\"http:\/\/bp0.blogger.com\/_pJMQ0w0Dgkk\/Rz-akoV1qBI\/AAAAAAAAABE\/-y_grlRGxI8\/s1600-h\/maos1948.jpg\"><img decoding=\"async\" src=\"http:\/\/bp0.blogger.com\/_pJMQ0w0Dgkk\/Rz-akoV1qBI\/AAAAAAAAABE\/-y_grlRGxI8\/s200\/maos1948.jpg\" style=\"margin: 0pt 10px 10px 0pt;float: left;cursor: pointer\" id=\"BLOGGER_PHOTO_ID_5133992054320637970\" align=\"left\" border=\"0\" \/><\/a><br \/>\n&#8220;Deus se revela no livro da natureza, pois Ele \u00e9 seu autor. Mesmo assim, s\u00f3 compreendemos esse livro se tivermos a necess\u00e1ria ilumina\u00e7\u00e3o espiritual. Sem rever\u00eancia e percep\u00e7\u00e3o, erramos a dire\u00e7\u00e3o. N\u00e3o podemos julgar a confiabilidade de nenhum livro simplesmente ao l\u00ea-lo. Agn\u00f3sticos e c\u00e9ticos, por exemplo, s\u00f3 acham defeitos a inv\u00e9s de perfei\u00e7\u00e3o. Os c\u00e9ticos dizem: &#8216;Se h\u00e1 um criator todo-poderoso, por que h\u00e1 furac\u00f5es, terremotos, dor, sofrimento, morte, etc.?&#8217;. \u00c9 como criticar um edif\u00edcio que ainda n\u00e3o foi terminado ou um quadro que ainda n\u00e3o foi acabado. Quando o vermos plenamente completo, ficaremos embara\u00e7ados por nossa precipita\u00e7\u00e3o e louvaremos a habilidade do artista. Deus n\u00e3o deu ao mundo sua forma atual em um \u00fanico dia nem deixar\u00e1 perfeito em um \u00fanico dia. A cria\u00e7\u00e3o inteira move-se em dire\u00e7\u00e3o \u00e0 sua plenitude, e veremos o mundo com os olhos de Deus, movendo-se em dire\u00e7\u00e3o ao que \u00e9 perfeito, sem falta ou defeito, ent\u00e3o nos prostraremos humildemente diante do nosso criador e diremos: &#8216;Isso \u00e9 muito bom'&#8221;<\/p>\n<p align=\"right\">(<em>Sadhu Sundar Singh, <span style=\"font-weight: bold\">The Wisdom of the Sadhu<\/span>, p. 55<\/em>).<\/p>\n","protected":false},"excerpt":{"rendered":"<p>&#8220;Deus se revela no livro da natureza, pois Ele \u00e9 seu autor. Mesmo assim, s\u00f3 compreendemos esse livro se tivermos a necess\u00e1ria ilumina\u00e7\u00e3o espiritual. Sem rever\u00eancia e percep\u00e7\u00e3o, erramos a dire\u00e7\u00e3o. N\u00e3o podemos julgar a confiabilidade de nenhum livro simplesmente ao l\u00ea-lo. Agn\u00f3sticos e c\u00e9ticos, por exemplo, s\u00f3 acham defeitos a inv\u00e9s de perfei\u00e7\u00e3o. Os [&hellip;]<\/p>\n","protected":false},"author":35,"featured_media":0,"comment_status":"open","ping_status":"open","sticky":false,"template":"","format":"standard","meta":{"ngg_post_thumbnail":0,"footnotes":""},"categories":[114,12769],"tags":[12810,8962],"class_list":["post-304","post","type-post","status-publish","format-standard","hentry","category-artigos","category-sadhu-sundar-singh","tag-cristianismo","tag-pensamento"],"_links":{"self":[{"href":"https:\/\/ultimato.com.br\/sites\/gladircabral\/wp-json\/wp\/v2\/posts\/304","targetHints":{"allow":["GET"]}}],"collection":[{"href":"https:\/\/ultimato.com.br\/sites\/gladircabral\/wp-json\/wp\/v2\/posts"}],"about":[{"href":"https:\/\/ultimato.com.br\/sites\/gladircabral\/wp-json\/wp\/v2\/types\/post"}],"author":[{"embeddable":true,"href":"https:\/\/ultimato.com.br\/sites\/gladircabral\/wp-json\/wp\/v2\/users\/35"}],"replies":[{"embeddable":true,"href":"https:\/\/ultimato.com.br\/sites\/gladircabral\/wp-json\/wp\/v2\/comments?post=304"}],"version-history":[{"count":0,"href":"https:\/\/ultimato.com.br\/sites\/gladircabral\/wp-json\/wp\/v2\/posts\/304\/revisions"}],"wp:attachment":[{"href":"https:\/\/ultimato.com.br\/sites\/gladircabral\/wp-json\/wp\/v2\/media?parent=304"}],"wp:term":[{"taxonomy":"category","embeddable":true,"href":"https:\/\/ultimato.com.br\/sites\/gladircabral\/wp-json\/wp\/v2\/categories?post=304"},{"taxonomy":"post_tag","embeddable":true,"href":"https:\/\/ultimato.com.br\/sites\/gladircabral\/wp-json\/wp\/v2\/tags?post=304"}],"curies":[{"name":"wp","href":"https:\/\/api.w.org\/{rel}","templated":true}]}}