{"id":186,"date":"2008-03-16T18:09:35","date_gmt":"2008-03-16T21:09:35","guid":{"rendered":"http:\/\/www.gladircabral.com.br\/2008\/03\/16\/homens-no-mar\/"},"modified":"2008-03-16T18:09:35","modified_gmt":"2008-03-16T21:09:35","slug":"homens-no-mar","status":"publish","type":"post","link":"https:\/\/ultimato.com.br\/sites\/gladircabral\/2008\/03\/16\/homens-no-mar\/","title":{"rendered":"homens no mar"},"content":{"rendered":"<p>Esta \u00e9 uma das mais belas can\u00e7\u00f5es do poeta Glauber Pla\u00e7a. Est\u00e1 no seu disco <strong>Homens no mar<\/strong>, trabalho muito bem produzido e que pode ser adquirido pelo site: http:\/\/www.buenaonda.com.br\/html\/trabalhos5.html. S\u00e3o 12 can\u00e7\u00f5es que falam de terras, mares e desertos, s\u00e3o salmos e ora\u00e7\u00f5es, declara\u00e7\u00f5es de amor e gratid\u00e3o a Deus pela vida, pela paz, pelo perd\u00e3o.<\/p>\n<p><a href=\"http:\/\/ultimato.com.br\/sites\/gladircabral\/files\/2008\/03\/glauber_cd_frente.jpg\" rel=\"lightbox[pics-1205700352]\" title=\"glauber_cd_frente.jpg\"><img loading=\"lazy\" decoding=\"async\" src=\"http:\/\/ultimato.com.br\/sites\/gladircabral\/files\/2008\/03\/glauber_cd_frente.jpg\" alt=\"glauber_cd_frente.jpg\" class=\"imageframe imgalignleft\" height=\"231\" width=\"231\" \/><\/a><\/p>\n<p>O Glauber deu uma bela entrevista ao programa Buena Onda. Confira no site: http:\/\/www.buenaonda.com.br\/html\/primeira_temporada.html<\/p>\n<p>Segue a letra de &#8220;Homens no mar&#8221;:<\/p>\n<blockquote><p>sobe o clar\u00e3o da lua<br \/>\npor tr\u00e1s do horizonte<br \/>\ncoberto de estrelas<br \/>\ndescem os homens descal\u00e7os<br \/>\nque v\u00e3o para os barcos na beira do mar<\/p>\n<p>\u00e1guas do cotidiano encobrem a esperan\u00e7a<br \/>\nos sonhos e os medos<br \/>\nm\u00e3os calejadas marcadas<br \/>\npor redes da vida no eterno pescar<\/p>\n<p>vem madrugada sopra o vento<br \/>\nredes vazias peixes n\u00e3o h\u00e1<br \/>\nfaz alguns dias esquecimento<br \/>\nde uma promessa que o Mestre iria voltar<\/p>\n<p>um novo dia j\u00e1 vem clareando<br \/>\no Mestre na praia est\u00e1 a chamar<br \/>\npede pra continuarem pescando<br \/>\ne novamente a rede lan\u00e7ar<br \/>\ne peixes ir\u00e3o encontrar<\/p>\n<p>puxam a rede cheia<br \/>\npuxam a rede cheia e voltam para areia<br \/>\npuxam a rede cheia e voltam para areia pra comemorar<br \/>\npuxam a rede cheia e voltam para areia com o Mestre cear<\/p><\/blockquote>\n<p>Esta can\u00e7\u00e3o me faz lembrar a arte do grande pintor catarinense Telomar Flor\u00eancio (de Blumenau), que sabe como ningu\u00e9m representar pescadores, barcos, peixes e mares.<\/p>\n<p><a href=\"http:\/\/ultimato.com.br\/sites\/gladircabral\/files\/2008\/03\/telomar.jpg\" rel=\"lightbox[pics186]\" title=\"telomar.jpg\"><img loading=\"lazy\" decoding=\"async\" src=\"http:\/\/ultimato.com.br\/sites\/gladircabral\/files\/2008\/03\/telomar.jpg\" alt=\"telomar.jpg\" class=\"imageframe imgalignleft\" height=\"166\" width=\"250\" \/><\/a><\/p>\n","protected":false},"excerpt":{"rendered":"<p>Esta \u00e9 uma das mais belas can\u00e7\u00f5es do poeta Glauber Pla\u00e7a. Est\u00e1 no seu disco Homens no mar, trabalho muito bem produzido e que pode ser adquirido pelo site: http:\/\/www.buenaonda.com.br\/html\/trabalhos5.html. S\u00e3o 12 can\u00e7\u00f5es que falam de terras, mares e desertos, s\u00e3o salmos e ora\u00e7\u00f5es, declara\u00e7\u00f5es de amor e gratid\u00e3o a Deus pela vida, pela paz, [&hellip;]<\/p>\n","protected":false},"author":35,"featured_media":0,"comment_status":"open","ping_status":"open","sticky":false,"template":"","format":"standard","meta":{"ngg_post_thumbnail":0,"footnotes":""},"categories":[12752],"tags":[],"class_list":["post-186","post","type-post","status-publish","format-standard","hentry","category-glauber-plaza"],"_links":{"self":[{"href":"https:\/\/ultimato.com.br\/sites\/gladircabral\/wp-json\/wp\/v2\/posts\/186","targetHints":{"allow":["GET"]}}],"collection":[{"href":"https:\/\/ultimato.com.br\/sites\/gladircabral\/wp-json\/wp\/v2\/posts"}],"about":[{"href":"https:\/\/ultimato.com.br\/sites\/gladircabral\/wp-json\/wp\/v2\/types\/post"}],"author":[{"embeddable":true,"href":"https:\/\/ultimato.com.br\/sites\/gladircabral\/wp-json\/wp\/v2\/users\/35"}],"replies":[{"embeddable":true,"href":"https:\/\/ultimato.com.br\/sites\/gladircabral\/wp-json\/wp\/v2\/comments?post=186"}],"version-history":[{"count":0,"href":"https:\/\/ultimato.com.br\/sites\/gladircabral\/wp-json\/wp\/v2\/posts\/186\/revisions"}],"wp:attachment":[{"href":"https:\/\/ultimato.com.br\/sites\/gladircabral\/wp-json\/wp\/v2\/media?parent=186"}],"wp:term":[{"taxonomy":"category","embeddable":true,"href":"https:\/\/ultimato.com.br\/sites\/gladircabral\/wp-json\/wp\/v2\/categories?post=186"},{"taxonomy":"post_tag","embeddable":true,"href":"https:\/\/ultimato.com.br\/sites\/gladircabral\/wp-json\/wp\/v2\/tags?post=186"}],"curies":[{"name":"wp","href":"https:\/\/api.w.org\/{rel}","templated":true}]}}