{"id":184,"date":"2008-03-16T14:15:05","date_gmt":"2008-03-16T17:15:05","guid":{"rendered":"http:\/\/www.gladircabral.com.br\/2008\/03\/16\/um-tecelao-e-um-tear\/"},"modified":"2008-03-16T14:15:05","modified_gmt":"2008-03-16T17:15:05","slug":"um-tecelao-e-um-tear","status":"publish","type":"post","link":"https:\/\/ultimato.com.br\/sites\/gladircabral\/2008\/03\/16\/um-tecelao-e-um-tear\/","title":{"rendered":"um tecel\u00e3o e um tear"},"content":{"rendered":"<p>Eis aqui mais uma can\u00e7\u00e3o de Roberto Diamanso. Poesia pura.<\/p>\n<blockquote><p>N\u00f3s temos as linhas musicais<br \/>\nEu tenho as cordas das minhas<br \/>\nVoz e viola<\/p>\n<p>Se n\u00e3o encanto enquanto canto<br \/>\nE o que toco n\u00e3o te toca<br \/>\nA por\u00e7\u00e3o que me toca<br \/>\n\u00c9 calar<\/p>\n<p>Mas quando todas as linhas<br \/>\nSe engancham nos teus pontos<br \/>\nA ponto de te emocionar<br \/>\nCome\u00e7a a se &#8220;delinearte&#8221;<br \/>\nDe ambas as partes<\/p>\n<p>Ficamos ao Deus dar\u00e1<br \/>\nE Deus nos deu<br \/>\nNos deu l\u00e3 para a can\u00e7\u00e3o<br \/>\nFez-nos de um s\u00f3 cora\u00e7\u00e3o<br \/>\nUm tecel\u00e3o e um tear<\/p><\/blockquote>\n<p><img decoding=\"async\" src=\"\/DOCUME%7E1\/ADMINI%7E1\/CONFIG%7E1\/Temp\/moz-screenshot.jpg\" \/><a href=\"http:\/\/ultimato.com.br\/sites\/gladircabral\/files\/2008\/03\/imagem.jpg\" rel=\"lightbox[pics-1205687123]\" title=\"imagem.JPG\"><img loading=\"lazy\" decoding=\"async\" src=\"http:\/\/ultimato.com.br\/sites\/gladircabral\/files\/2008\/03\/imagem.jpg\" alt=\"imagem.JPG\" class=\"imageframe imgalignleft\" height=\"187\" width=\"250\" \/><\/a><\/p>\n","protected":false},"excerpt":{"rendered":"<p>Eis aqui mais uma can\u00e7\u00e3o de Roberto Diamanso. Poesia pura. N\u00f3s temos as linhas musicais Eu tenho as cordas das minhas Voz e viola Se n\u00e3o encanto enquanto canto E o que toco n\u00e3o te toca A por\u00e7\u00e3o que me toca \u00c9 calar Mas quando todas as linhas Se engancham nos teus pontos A ponto [&hellip;]<\/p>\n","protected":false},"author":35,"featured_media":0,"comment_status":"open","ping_status":"open","sticky":false,"template":"","format":"standard","meta":{"ngg_post_thumbnail":0,"footnotes":""},"categories":[163],"tags":[],"class_list":["post-184","post","type-post","status-publish","format-standard","hentry","category-roberto-diamanso"],"_links":{"self":[{"href":"https:\/\/ultimato.com.br\/sites\/gladircabral\/wp-json\/wp\/v2\/posts\/184","targetHints":{"allow":["GET"]}}],"collection":[{"href":"https:\/\/ultimato.com.br\/sites\/gladircabral\/wp-json\/wp\/v2\/posts"}],"about":[{"href":"https:\/\/ultimato.com.br\/sites\/gladircabral\/wp-json\/wp\/v2\/types\/post"}],"author":[{"embeddable":true,"href":"https:\/\/ultimato.com.br\/sites\/gladircabral\/wp-json\/wp\/v2\/users\/35"}],"replies":[{"embeddable":true,"href":"https:\/\/ultimato.com.br\/sites\/gladircabral\/wp-json\/wp\/v2\/comments?post=184"}],"version-history":[{"count":0,"href":"https:\/\/ultimato.com.br\/sites\/gladircabral\/wp-json\/wp\/v2\/posts\/184\/revisions"}],"wp:attachment":[{"href":"https:\/\/ultimato.com.br\/sites\/gladircabral\/wp-json\/wp\/v2\/media?parent=184"}],"wp:term":[{"taxonomy":"category","embeddable":true,"href":"https:\/\/ultimato.com.br\/sites\/gladircabral\/wp-json\/wp\/v2\/categories?post=184"},{"taxonomy":"post_tag","embeddable":true,"href":"https:\/\/ultimato.com.br\/sites\/gladircabral\/wp-json\/wp\/v2\/tags?post=184"}],"curies":[{"name":"wp","href":"https:\/\/api.w.org\/{rel}","templated":true}]}}