{"id":182,"date":"2008-03-16T11:59:36","date_gmt":"2008-03-16T14:59:36","guid":{"rendered":"http:\/\/www.gladircabral.com.br\/2008\/03\/16\/conta-comigo\/"},"modified":"2008-03-16T11:59:36","modified_gmt":"2008-03-16T14:59:36","slug":"conta-comigo","status":"publish","type":"post","link":"https:\/\/ultimato.com.br\/sites\/gladircabral\/2008\/03\/16\/conta-comigo\/","title":{"rendered":"conta comigo"},"content":{"rendered":"<p>Aqui vai uma velha can\u00e7\u00e3o. Ela foi gravada num CD comemorativo pela formatura da primeira turma de Hist\u00f3ria da Unesc. O CD \u00e9 uma raridade; quem tem, tem. Tem uma foto de uma crian\u00e7a ianomami na capa e leva o t\u00edtulo <strong>M\u00fasicas e poemas: verdades que vi<\/strong>.<\/p>\n<blockquote><p>\nUma cidade precisa de espa\u00e7o preciso<br \/>\nDe luz verdadeira, de ch\u00e3o repartido,<br \/>\nPor onde se encontrem o amor e o saber,<br \/>\nUm universo de gente que pinta o futuro<br \/>\nNa tela, no quadro, na cara, no muro,<br \/>\nNa face de tudo o que busca viver.<\/p>\n<p>Conta comigo no sonho e na vida!<br \/>\nConta comigo na m\u00e3o estendida!<br \/>\nConta comigo, que a hist\u00f3ria n\u00e3o pode esperar pelo trem.<br \/>\nConta comigo, levanta a bandeira!<br \/>\nConta comigo, sacode a poeira!<br \/>\nConta comigo, que o tempo \u00e9 de quem quer lutar por algu\u00e9m.<\/p>\n<p>Uma pessoa precisa de amor partilhado,<br \/>\nDe pontes inteiras, caminho tra\u00e7ado,<br \/>\nPor onde circulem perd\u00e3o e querer,<br \/>\nUma floresta encantada de frutos e flores,<br \/>\nDe trilhas abertas e diversas cores,<br \/>\nDe aromas e cantos que fazem viver.\n<\/p><\/blockquote>\n<p><a href=\"http:\/\/ultimato.com.br\/sites\/gladircabral\/files\/2008\/03\/conta-comigo.mp3\" title=\"conta-comigo.mp3\"><br \/>\n<\/a><\/p>\n","protected":false},"excerpt":{"rendered":"<p>Aqui vai uma velha can\u00e7\u00e3o. Ela foi gravada num CD comemorativo pela formatura da primeira turma de Hist\u00f3ria da Unesc. O CD \u00e9 uma raridade; quem tem, tem. Tem uma foto de uma crian\u00e7a ianomami na capa e leva o t\u00edtulo M\u00fasicas e poemas: verdades que vi. Uma cidade precisa de espa\u00e7o preciso De luz [&hellip;]<\/p>\n","protected":false},"author":35,"featured_media":0,"comment_status":"open","ping_status":"open","sticky":false,"template":"","format":"standard","meta":{"ngg_post_thumbnail":0,"footnotes":""},"categories":[12738],"tags":[],"class_list":["post-182","post","type-post","status-publish","format-standard","hentry","category-cancoes"],"_links":{"self":[{"href":"https:\/\/ultimato.com.br\/sites\/gladircabral\/wp-json\/wp\/v2\/posts\/182","targetHints":{"allow":["GET"]}}],"collection":[{"href":"https:\/\/ultimato.com.br\/sites\/gladircabral\/wp-json\/wp\/v2\/posts"}],"about":[{"href":"https:\/\/ultimato.com.br\/sites\/gladircabral\/wp-json\/wp\/v2\/types\/post"}],"author":[{"embeddable":true,"href":"https:\/\/ultimato.com.br\/sites\/gladircabral\/wp-json\/wp\/v2\/users\/35"}],"replies":[{"embeddable":true,"href":"https:\/\/ultimato.com.br\/sites\/gladircabral\/wp-json\/wp\/v2\/comments?post=182"}],"version-history":[{"count":0,"href":"https:\/\/ultimato.com.br\/sites\/gladircabral\/wp-json\/wp\/v2\/posts\/182\/revisions"}],"wp:attachment":[{"href":"https:\/\/ultimato.com.br\/sites\/gladircabral\/wp-json\/wp\/v2\/media?parent=182"}],"wp:term":[{"taxonomy":"category","embeddable":true,"href":"https:\/\/ultimato.com.br\/sites\/gladircabral\/wp-json\/wp\/v2\/categories?post=182"},{"taxonomy":"post_tag","embeddable":true,"href":"https:\/\/ultimato.com.br\/sites\/gladircabral\/wp-json\/wp\/v2\/tags?post=182"}],"curies":[{"name":"wp","href":"https:\/\/api.w.org\/{rel}","templated":true}]}}