{"id":180,"date":"2008-03-15T16:45:16","date_gmt":"2008-03-15T19:45:16","guid":{"rendered":"http:\/\/www.gladircabral.com.br\/2008\/03\/15\/dia-de-festa\/"},"modified":"2008-03-15T16:45:16","modified_gmt":"2008-03-15T19:45:16","slug":"dia-de-festa","status":"publish","type":"post","link":"https:\/\/ultimato.com.br\/sites\/gladircabral\/2008\/03\/15\/dia-de-festa\/","title":{"rendered":"dia de festa"},"content":{"rendered":"<p>O \u00faltimo final de semana foi de festa para mim. A Igreja Presbiteriana na Trindade recebeu a visita de Roberto Diamanso, Am\u00e9rica, Ariel, Glauber Pla\u00e7a e Cris. Que maravilha. Muita m\u00fasica, muita reflex\u00e3o, muito aprendizado, muita correria e muita comunh\u00e3o. Na apresenta\u00e7\u00e3o do s\u00e1bado \u00e0 noite, no F\u00e9 e Caf\u00e9, as can\u00e7\u00f5es do Diamanso e as do Glauber se encaixaram de modo impressionante. N\u00e3o dava tempo nem de respirar, s\u00f3 para agradecer.<\/p>\n<p><a href=\"http:\/\/ultimato.com.br\/sites\/gladircabral\/files\/2008\/03\/diamanso-e-glauber-004.jpg\" rel=\"lightbox[pics-1205609833]\" title=\"diamanso-e-glauber-004.jpg\"><img loading=\"lazy\" decoding=\"async\" src=\"http:\/\/ultimato.com.br\/sites\/gladircabral\/files\/2008\/03\/diamanso-e-glauber-004.jpg\" alt=\"diamanso-e-glauber-004.jpg\" class=\"imageframe imgalignleft\" height=\"187\" width=\"250\" \/><\/a><\/p>\n","protected":false},"excerpt":{"rendered":"<p>O \u00faltimo final de semana foi de festa para mim. A Igreja Presbiteriana na Trindade recebeu a visita de Roberto Diamanso, Am\u00e9rica, Ariel, Glauber Pla\u00e7a e Cris. Que maravilha. Muita m\u00fasica, muita reflex\u00e3o, muito aprendizado, muita correria e muita comunh\u00e3o. Na apresenta\u00e7\u00e3o do s\u00e1bado \u00e0 noite, no F\u00e9 e Caf\u00e9, as can\u00e7\u00f5es do Diamanso e [&hellip;]<\/p>\n","protected":false},"author":35,"featured_media":0,"comment_status":"open","ping_status":"open","sticky":false,"template":"","format":"standard","meta":{"ngg_post_thumbnail":0,"footnotes":""},"categories":[12752,163],"tags":[],"class_list":["post-180","post","type-post","status-publish","format-standard","hentry","category-glauber-plaza","category-roberto-diamanso"],"_links":{"self":[{"href":"https:\/\/ultimato.com.br\/sites\/gladircabral\/wp-json\/wp\/v2\/posts\/180","targetHints":{"allow":["GET"]}}],"collection":[{"href":"https:\/\/ultimato.com.br\/sites\/gladircabral\/wp-json\/wp\/v2\/posts"}],"about":[{"href":"https:\/\/ultimato.com.br\/sites\/gladircabral\/wp-json\/wp\/v2\/types\/post"}],"author":[{"embeddable":true,"href":"https:\/\/ultimato.com.br\/sites\/gladircabral\/wp-json\/wp\/v2\/users\/35"}],"replies":[{"embeddable":true,"href":"https:\/\/ultimato.com.br\/sites\/gladircabral\/wp-json\/wp\/v2\/comments?post=180"}],"version-history":[{"count":0,"href":"https:\/\/ultimato.com.br\/sites\/gladircabral\/wp-json\/wp\/v2\/posts\/180\/revisions"}],"wp:attachment":[{"href":"https:\/\/ultimato.com.br\/sites\/gladircabral\/wp-json\/wp\/v2\/media?parent=180"}],"wp:term":[{"taxonomy":"category","embeddable":true,"href":"https:\/\/ultimato.com.br\/sites\/gladircabral\/wp-json\/wp\/v2\/categories?post=180"},{"taxonomy":"post_tag","embeddable":true,"href":"https:\/\/ultimato.com.br\/sites\/gladircabral\/wp-json\/wp\/v2\/tags?post=180"}],"curies":[{"name":"wp","href":"https:\/\/api.w.org\/{rel}","templated":true}]}}