{"id":177,"date":"2008-02-29T19:49:39","date_gmt":"2008-02-29T22:49:39","guid":{"rendered":"http:\/\/www.gladircabral.com.br\/2008\/02\/29\/asas-da-pascoa\/"},"modified":"2008-02-29T19:49:39","modified_gmt":"2008-02-29T22:49:39","slug":"asas-da-pascoa","status":"publish","type":"post","link":"https:\/\/ultimato.com.br\/sites\/gladircabral\/2008\/02\/29\/asas-da-pascoa\/","title":{"rendered":"asas da p\u00e1scoa"},"content":{"rendered":"<p>A P\u00e1scoa vem chegando, eis aqui um belo poema de um poeta metaf\u00edsico: George Herbert. Observe como seu poema \u00e9 formalmente inovador. Voc\u00ea consegue imaginar o que estes versos desenham?<\/p>\n<p align=\"center\">SENHOR, que criaste o homem em riqueza e bens,<br \/>\nembora ele tenha perdido tudo tolamente<br \/>\ndecaindo mais e mais<br \/>\nat\u00e9 ele se tornar<br \/>\nmais pobre:<br \/>\nContigo<br \/>\ndeixa-me subir<br \/>\ncomo a cotovia, em harmonia,<br \/>\ne cantar neste dia tuas grandes vit\u00f3rias:<br \/>\nEnt\u00e3o minha queda al\u00e7ar\u00e1 meu v\u00f4o em mim.<\/p>\n<p align=\"center\"> Minha tenra idade come\u00e7ou em tristeza:<br \/>\ne com enfermedidade e dor<br \/>\nTu castigas o pecado,<br \/>\nat\u00e9 eu me tornar<br \/>\nassim, fino.<br \/>\nContigo<br \/>\ndeixa-me andar<br \/>\ne sentir neste dia tua vit\u00f3ria,<br \/>\npois, se eu fincar minhas asas em ti,<br \/>\na afli\u00e7\u00e3o vai impulsionar meu v\u00f4o em mim.<\/p>\n<p align=\"right\">George Herbert (1593-1633)<\/p>\n<p align=\"center\">&nbsp;<\/p>\n<p align=\"left\">&nbsp;<\/p>\n<p align=\"left\">Agora veja como fica muito melhor na l\u00edngua original:<\/p>\n<p align=\"left\">&nbsp;<\/p>\n<p align=\"center\">LORD, who createdst man in wealth and store,<br \/>\nThough foolishly he lost the same,<br \/>\nDecaying more and more,<br \/>\nTill he became<br \/>\nMost poor :<br \/>\nWith thee<br \/>\nO let me rise<br \/>\nAs larks, harmoniously,<br \/>\nAnd sing this day thy victories:<br \/>\nThen shall the fall further the flight in me.<\/p>\n<p align=\"center\">My tender age in sorrow did beginne:<br \/>\nAnd still with sicknesses and shame<br \/>\nThou didst so punish sinne,<br \/>\nThat I became<br \/>\nMost thinne.<br \/>\nWith thee<br \/>\nLet me combine,<br \/>\nAnd feel this day thy victorie,<br \/>\nFor, if I imp my wing on thine,<br \/>\nAffliction shall advance the flight in me.<\/p>\n<p align=\"right\">George Herbert (1593-1633)<\/p>\n","protected":false},"excerpt":{"rendered":"<p>A P\u00e1scoa vem chegando, eis aqui um belo poema de um poeta metaf\u00edsico: George Herbert. Observe como seu poema \u00e9 formalmente inovador. Voc\u00ea consegue imaginar o que estes versos desenham? SENHOR, que criaste o homem em riqueza e bens, embora ele tenha perdido tudo tolamente decaindo mais e mais at\u00e9 ele se tornar mais pobre: [&hellip;]<\/p>\n","protected":false},"author":35,"featured_media":0,"comment_status":"open","ping_status":"open","sticky":false,"template":"","format":"standard","meta":{"ngg_post_thumbnail":0,"footnotes":""},"categories":[160],"tags":[],"class_list":["post-177","post","type-post","status-publish","format-standard","hentry","category-poesia"],"_links":{"self":[{"href":"https:\/\/ultimato.com.br\/sites\/gladircabral\/wp-json\/wp\/v2\/posts\/177","targetHints":{"allow":["GET"]}}],"collection":[{"href":"https:\/\/ultimato.com.br\/sites\/gladircabral\/wp-json\/wp\/v2\/posts"}],"about":[{"href":"https:\/\/ultimato.com.br\/sites\/gladircabral\/wp-json\/wp\/v2\/types\/post"}],"author":[{"embeddable":true,"href":"https:\/\/ultimato.com.br\/sites\/gladircabral\/wp-json\/wp\/v2\/users\/35"}],"replies":[{"embeddable":true,"href":"https:\/\/ultimato.com.br\/sites\/gladircabral\/wp-json\/wp\/v2\/comments?post=177"}],"version-history":[{"count":0,"href":"https:\/\/ultimato.com.br\/sites\/gladircabral\/wp-json\/wp\/v2\/posts\/177\/revisions"}],"wp:attachment":[{"href":"https:\/\/ultimato.com.br\/sites\/gladircabral\/wp-json\/wp\/v2\/media?parent=177"}],"wp:term":[{"taxonomy":"category","embeddable":true,"href":"https:\/\/ultimato.com.br\/sites\/gladircabral\/wp-json\/wp\/v2\/categories?post=177"},{"taxonomy":"post_tag","embeddable":true,"href":"https:\/\/ultimato.com.br\/sites\/gladircabral\/wp-json\/wp\/v2\/tags?post=177"}],"curies":[{"name":"wp","href":"https:\/\/api.w.org\/{rel}","templated":true}]}}