{"id":173,"date":"2008-02-20T21:01:09","date_gmt":"2008-02-21T00:01:09","guid":{"rendered":"http:\/\/www.gladircabral.com.br\/2008\/02\/20\/lamento-por-um-poeta\/"},"modified":"2008-02-20T21:01:09","modified_gmt":"2008-02-21T00:01:09","slug":"lamento-por-um-poeta","status":"publish","type":"post","link":"https:\/\/ultimato.com.br\/sites\/gladircabral\/2008\/02\/20\/lamento-por-um-poeta\/","title":{"rendered":"Darrell Grayson: lamento por um poeta"},"content":{"rendered":"<p>Meu querido amigo Glauber estudou no Semin\u00e1rio de Campinas. Fomos contempor\u00e2neos l\u00e1 pelo in\u00edcio da d\u00e9cada de 1980. M\u00fasico admir\u00e1vel e mente brilhante, Glauber \u00e9 um grande companheiro de papos teol\u00f3gicos, filos\u00f3ficos, e muitas can\u00e7\u00f5es. Alma de flautista, cultivador da boa m\u00fasica cl\u00e1ssica e de jazz, continua tocando e cantando. No in\u00edcio da d\u00e9cada de 1990, foi para os Estados Unidos, casou-se com Henrieta e vive l\u00e1 at\u00e9 hoje.<\/p>\n<p><a href=\"http:\/\/ultimato.com.br\/sites\/gladircabral\/files\/2008\/02\/glauber.jpg\" rel=\"lightbox[pics173]\" title=\"glauber.jpg\"><\/a><\/p>\n<p style=\"text-align: center\"><a href=\"http:\/\/ultimato.com.br\/sites\/gladircabral\/files\/2008\/02\/glauber.jpg\" rel=\"lightbox[pics173]\" title=\"glauber.jpg\"><img loading=\"lazy\" decoding=\"async\" src=\"http:\/\/ultimato.com.br\/sites\/gladircabral\/files\/2008\/02\/glauber.jpg\" alt=\"glauber.jpg\" class=\"imageframe imgalignleft\" height=\"240\" width=\"160\" \/><\/a><\/p>\n<p>Nos States, Glauber conheceu uma figura rara, um poeta condenado \u00e0 morte. Quero compartilhar aqui seus registros sobre a perda de um amigo, de um grande amigo. Para os que quiserem conhecer o blog do Glauber, o endere\u00e7o \u00e9: http:\/\/wsmusic.blogspot.com.<\/p>\n<blockquote><p>Hoje, h\u00e1 mais ou menos uma hora, meu amigo Darrell Grayson foi assassinado. \u00c0s 16h do dia 26 de julho de 2007, um oficial do estado de Alabama injetou nele tr\u00eas tipos diferentes de veneno. Tr\u00eas vezes morto &#8212; morto al\u00e9m da conta. As circunst\u00e2ncias de sua vida e morte s\u00e3o muitas para que eu possa descrever agora, e s\u00e3o facilmente dispon\u00edveis na Internet. Darrell nasceu pobre e cresceu rodeado pela viol\u00eancia e pelo desespero. Em 1982 foi indiciado num crime terr\u00edvel, representado por um advogado incompetente, condenado \u00e0 morte, e viveu na fila de execu\u00e7\u00e3o at\u00e9 hoje. Usando os pouqu\u00edssimos recursos que podia conseguir, ele superou a depress\u00e3o, estudou sozinho, aprendeu a escrever poesia, publicou livros e tocou muitas vidas. Ele \u00e9 uma inspira\u00e7\u00e3o para todos n\u00f3s, e eu me considero aben\u00e7oado por t\u00ea-lo conhecido um pouco. Cheguei em casa hoje, vindo do trabalho, no exato momento em que tudo se acabava. Tirei meu bandolim da caixa e toquei &#8220;Amazing Grace&#8221; t\u00e3o alto quanto pude, em sua homenagem.<\/p>\n<p>At\u00e9 logo, Darrell!<\/p><\/blockquote>\n<p><a href=\"http:\/\/ultimato.com.br\/sites\/gladircabral\/files\/2008\/02\/darrell.jpg\" rel=\"lightbox[pics-1203549737]\" title=\"darrell.jpg\"><\/a><\/p>\n<p style=\"text-align: center\"><a href=\"http:\/\/ultimato.com.br\/sites\/gladircabral\/files\/2008\/02\/darrell.jpg\" rel=\"lightbox[pics-1203549737]\" title=\"darrell.jpg\"><img loading=\"lazy\" decoding=\"async\" src=\"http:\/\/ultimato.com.br\/sites\/gladircabral\/files\/2008\/02\/darrell.jpg\" alt=\"darrell.jpg\" class=\"imageframe imgalignleft\" height=\"112\" width=\"105\" \/><\/a><\/p>\n<p>No dia seguinte, Glauber escreveu:<\/p>\n<blockquote><p>Darrell foi declarado morto \u00e0s 16h16 CDT (2316 GMT) na pris\u00e3o de Atmore prison. Um de seus amigos testemunhou sua morte. Sua \u00faltima refei\u00e7\u00e3o foi queijo, omelete e tomates frescos. Sua \u00faltima palavra foi: &#8220;paz&#8221;.<\/p>\n<address>Agora ele se foi<\/address>\n<address>Senhor, ele se foi<\/address>\n<address>Como uma locomotiva<\/address>\n<address>rolando pelo trilho<\/address>\n<address>Ele se foi<\/address>\n<address>Ele se foi<\/address>\n<address>e nada vai faz\u00ea-lo voltar<\/address>\n<address>Ele se foi<\/address>\n<address> <\/address>\n<address>Para onde o vento n\u00e3o sopra t\u00e3o estranho<\/address>\n<address>Talvez em alguma montanha alta<\/address>\n<address>Perdeu uma volta mas o pre\u00e7o n\u00e3o era nada<\/address>\n<address>Faca nas costas e mais do mesmo<\/address>\n<address>O mesmo velho rato no ralo do esgoto<\/address>\n<address>Na encosta da montanha<\/address>\n<address>Voc\u00ea sabe melhor mas eu o conhe\u00e7o<\/address>\n<address> <\/address>\n<address>Agora ele se foi<\/address>\n<address>Agora ele se foi<\/address>\n<address>Como uma locomotiva<\/address>\n<address>rolando pelo trilho<\/address>\n<address>Ele se foi<\/address>\n<address>Ele se foi<\/address>\n<address>e nada pode traz\u00ea-lo de volta<\/address>\n<address>Ele se foi&#8230;.<\/address>\n<address>(Robert Hunter)<\/address>\n<\/blockquote>\n","protected":false},"excerpt":{"rendered":"<p>Meu querido amigo Glauber estudou no Semin\u00e1rio de Campinas. Fomos contempor\u00e2neos l\u00e1 pelo in\u00edcio da d\u00e9cada de 1980. M\u00fasico admir\u00e1vel e mente brilhante, Glauber \u00e9 um grande companheiro de papos teol\u00f3gicos, filos\u00f3ficos, e muitas can\u00e7\u00f5es. Alma de flautista, cultivador da boa m\u00fasica cl\u00e1ssica e de jazz, continua tocando e cantando. No in\u00edcio da d\u00e9cada de [&hellip;]<\/p>\n","protected":false},"author":35,"featured_media":0,"comment_status":"open","ping_status":"open","sticky":false,"template":"","format":"standard","meta":{"ngg_post_thumbnail":0,"footnotes":""},"categories":[12753],"tags":[],"class_list":["post-173","post","type-post","status-publish","format-standard","hentry","category-glauber-ribeiro"],"_links":{"self":[{"href":"https:\/\/ultimato.com.br\/sites\/gladircabral\/wp-json\/wp\/v2\/posts\/173","targetHints":{"allow":["GET"]}}],"collection":[{"href":"https:\/\/ultimato.com.br\/sites\/gladircabral\/wp-json\/wp\/v2\/posts"}],"about":[{"href":"https:\/\/ultimato.com.br\/sites\/gladircabral\/wp-json\/wp\/v2\/types\/post"}],"author":[{"embeddable":true,"href":"https:\/\/ultimato.com.br\/sites\/gladircabral\/wp-json\/wp\/v2\/users\/35"}],"replies":[{"embeddable":true,"href":"https:\/\/ultimato.com.br\/sites\/gladircabral\/wp-json\/wp\/v2\/comments?post=173"}],"version-history":[{"count":0,"href":"https:\/\/ultimato.com.br\/sites\/gladircabral\/wp-json\/wp\/v2\/posts\/173\/revisions"}],"wp:attachment":[{"href":"https:\/\/ultimato.com.br\/sites\/gladircabral\/wp-json\/wp\/v2\/media?parent=173"}],"wp:term":[{"taxonomy":"category","embeddable":true,"href":"https:\/\/ultimato.com.br\/sites\/gladircabral\/wp-json\/wp\/v2\/categories?post=173"},{"taxonomy":"post_tag","embeddable":true,"href":"https:\/\/ultimato.com.br\/sites\/gladircabral\/wp-json\/wp\/v2\/tags?post=173"}],"curies":[{"name":"wp","href":"https:\/\/api.w.org\/{rel}","templated":true}]}}