{"id":170,"date":"2008-02-19T15:22:08","date_gmt":"2008-02-19T18:22:08","guid":{"rendered":"http:\/\/www.gladircabral.com.br\/2008\/02\/19\/fina-esperanca\/"},"modified":"2008-02-19T15:22:08","modified_gmt":"2008-02-19T18:22:08","slug":"fina-esperanca","status":"publish","type":"post","link":"https:\/\/ultimato.com.br\/sites\/gladircabral\/2008\/02\/19\/fina-esperanca\/","title":{"rendered":"fina esperan\u00e7a"},"content":{"rendered":"<p><a href=\"http:\/\/ultimato.com.br\/sites\/gladircabral\/files\/2008\/02\/futebol.jpg\" rel=\"lightbox[pics-1203444104]\" title=\"futebol.jpg\"><img loading=\"lazy\" decoding=\"async\" src=\"http:\/\/ultimato.com.br\/sites\/gladircabral\/files\/2008\/02\/futebol.jpg\" alt=\"futebol.jpg\" class=\"imageframe imgalignleft\" height=\"184\" width=\"250\" \/><\/a><\/p>\n<p>Eis uma can\u00e7\u00e3o que gosto muito de cantar. A vers\u00e3o que segue foi gravada entre 1992-1996, tem os arranjos de Churchill Street e a voz de Ismael Leandro. Imaginar Jesus brincando de bola de meia me faz sorrir de alegria. Imagin\u00e1-lo na Pra\u00e7a de Maio, em Buenos Aires, me faz suspirar e pensar sobre sua presen\u00e7a e aus\u00eancia na hist\u00f3ria de nosso continente.<\/p>\n<blockquote><p>Nasceu na favela do mundo<br \/>\nNo fundo de um velho por\u00e3o<br \/>\nNo ber\u00e7o da nossa pobreza<br \/>\nNas sombras da nossa opress\u00e3o.<br \/>\nBrincou pelas pra\u00e7as de maio<br \/>\nCaiu e rolou pelo ch\u00e3o,<br \/>\nCorreu pelas bolas de meia<br \/>\nOuvindo e fazendo can\u00e7\u00e3o.<br \/>\nE cresceu entre aquelas crian\u00e7as<br \/>\nE as andan\u00e7as que fez no sert\u00e3o<br \/>\nPara ser a mais fina esperan\u00e7a<br \/>\nDe uma paz com justi\u00e7a e mais p\u00e3o.<\/p>\n<p>Contou casos desconhecidos<br \/>\nE outros que a vida ensinou<br \/>\nAo povo mostrou o caminho<br \/>\nE pelo caminho andou.<br \/>\nO p\u00e3o, ele deu aos famintos<br \/>\nE fome com eles sentiu,<br \/>\nA dor, o desejo de vida<br \/>\nE afeto nos dias de frio.<br \/>\nE plantou as sementes de um reino<br \/>\nOnde crescem os frutos do amor<br \/>\nA cor n\u00e3o separa os amigos<br \/>\nE a ternura \u00e9 bem mais que um favor.<\/p>\n<p>Tocou bem na alma do povo<br \/>\nNas suas feridas tamb\u00e9m<br \/>\nAos mortos fez nascer de novo<br \/>\nChorou pela perda de algu\u00e9m.<br \/>\nDeu voz aos que nunca falaram<br \/>\nCalou os que s\u00f3 tinham voz<br \/>\nAos surdos deu som e sentido<br \/>\nE m\u00e3o aos que andavam s\u00f3s<br \/>\nE plantou-se no meio da terra<br \/>\nE regou-se de sangue e suor<br \/>\nMas brotou feito vida de novo<br \/>\nNa virada de um mundo melhor.<\/p><\/blockquote>\n","protected":false},"excerpt":{"rendered":"<p>Eis uma can\u00e7\u00e3o que gosto muito de cantar. A vers\u00e3o que segue foi gravada entre 1992-1996, tem os arranjos de Churchill Street e a voz de Ismael Leandro. Imaginar Jesus brincando de bola de meia me faz sorrir de alegria. Imagin\u00e1-lo na Pra\u00e7a de Maio, em Buenos Aires, me faz suspirar e pensar sobre sua [&hellip;]<\/p>\n","protected":false},"author":35,"featured_media":0,"comment_status":"open","ping_status":"open","sticky":false,"template":"","format":"standard","meta":{"ngg_post_thumbnail":0,"footnotes":""},"categories":[12738],"tags":[],"class_list":["post-170","post","type-post","status-publish","format-standard","hentry","category-cancoes"],"_links":{"self":[{"href":"https:\/\/ultimato.com.br\/sites\/gladircabral\/wp-json\/wp\/v2\/posts\/170","targetHints":{"allow":["GET"]}}],"collection":[{"href":"https:\/\/ultimato.com.br\/sites\/gladircabral\/wp-json\/wp\/v2\/posts"}],"about":[{"href":"https:\/\/ultimato.com.br\/sites\/gladircabral\/wp-json\/wp\/v2\/types\/post"}],"author":[{"embeddable":true,"href":"https:\/\/ultimato.com.br\/sites\/gladircabral\/wp-json\/wp\/v2\/users\/35"}],"replies":[{"embeddable":true,"href":"https:\/\/ultimato.com.br\/sites\/gladircabral\/wp-json\/wp\/v2\/comments?post=170"}],"version-history":[{"count":0,"href":"https:\/\/ultimato.com.br\/sites\/gladircabral\/wp-json\/wp\/v2\/posts\/170\/revisions"}],"wp:attachment":[{"href":"https:\/\/ultimato.com.br\/sites\/gladircabral\/wp-json\/wp\/v2\/media?parent=170"}],"wp:term":[{"taxonomy":"category","embeddable":true,"href":"https:\/\/ultimato.com.br\/sites\/gladircabral\/wp-json\/wp\/v2\/categories?post=170"},{"taxonomy":"post_tag","embeddable":true,"href":"https:\/\/ultimato.com.br\/sites\/gladircabral\/wp-json\/wp\/v2\/tags?post=170"}],"curies":[{"name":"wp","href":"https:\/\/api.w.org\/{rel}","templated":true}]}}