{"id":168,"date":"2008-02-18T09:45:55","date_gmt":"2008-02-18T12:45:55","guid":{"rendered":"http:\/\/www.gladircabral.com.br\/2008\/02\/18\/somos-um\/"},"modified":"2008-02-18T09:45:55","modified_gmt":"2008-02-18T12:45:55","slug":"somos-um","status":"publish","type":"post","link":"https:\/\/ultimato.com.br\/sites\/gladircabral\/2008\/02\/18\/somos-um\/","title":{"rendered":"somos um"},"content":{"rendered":"<p><strong>Somos um<\/strong>, esse \u00e9 o t\u00edtulo do mais recente trabalho de Jorge Camargo. Um livro para ouvir; um CD para ler. S\u00e3o oito can\u00e7\u00f5es inspiradas no pensamento e na vida de oito figuras raras do cristianismo: Irineu de Li\u00e3o, Agostinho, pseudo Dion\u00edsio Areopagita, Anselmo, Francisco de Assis, Tereza de \u00c1vila, Jo\u00e3o da Cruz e Thomas Merton. Uma obra de grande sensibilidade, <strong>Somos um <\/strong>agrega arte, poesia, simplicidade e candura.<\/p>\n<p><a href=\"http:\/\/ultimato.com.br\/sites\/gladircabral\/files\/2008\/02\/somos-um_5thumbnail.jpg\" rel=\"lightbox[pics-1203338026]\" title=\"somos um\"><img loading=\"lazy\" decoding=\"async\" src=\"http:\/\/ultimato.com.br\/sites\/gladircabral\/files\/2008\/02\/somos-um_5thumbnail.jpg\" alt=\"somos um\" class=\"imageframe imgalignleft\" height=\"190\" width=\"200\" \/><\/a><\/p>\n<p>Eis uma das can\u00e7\u00f5es: &#8220;Mist\u00e9rio&#8221;<\/p>\n<blockquote><p>Quem tem todos os nomes<br \/>\nE ao mesmo tempo nome algum<br \/>\nQue em tudo p\u00f5e limites<br \/>\nE cujo limite \u00e9 nenhum<br \/>\nQuem vai al\u00e9m da oposi\u00e7\u00e3o<br \/>\nEntre o que tem e n\u00e3o tem fim<br \/>\nQue sai em dire\u00e7\u00e3o a tudo<br \/>\nE permanece em seu jardim<\/p>\n<p>Acima de todo o saber<br \/>\nDe todo o crer, toda raz\u00e3o<br \/>\nAl\u00e9m de toda a compreens\u00e3o<br \/>\nDe todo esfor\u00e7o s\u00e9rio<br \/>\nDe toda a investiga\u00e7\u00e3o<br \/>\nEis que habita em n\u00f3s,<br \/>\nEis que habita em n\u00f3s<br \/>\nMist\u00e9rio<\/p>\n<p>Tentar saber seu nome<br \/>\n\u00c9 navegar na imensid\u00e3o<br \/>\nDo mar que est\u00e1 dentro de si<br \/>\n\u00c9 mergulhar no cora\u00e7\u00e3o<br \/>\nE ao mesmo tempo se deixar<br \/>\nSair al\u00e9m do pr\u00f3prio eu<br \/>\nRender-se por inteiro \u00e0quele<br \/>\nQue a alma insiste em chamar &#8220;Deus&#8221;<\/p>\n<p>Acima de todo o saber<br \/>\nDe todo o crer, toda raz\u00e3o<br \/>\nAl\u00e9m de toda a compreens\u00e3o<br \/>\nDe todo esfor\u00e7o s\u00e9rio<br \/>\nDe toda a investiga\u00e7\u00e3o<br \/>\nEis que habita em n\u00f3s,<br \/>\nEis que habita em n\u00f3s<br \/>\nMist\u00e9rio<\/p>\n<p align=\"right\">(Jorge Camargo)<\/p>\n<\/blockquote>\n<p>Confira no site: www.jorgecamargo.com.br<\/p>\n","protected":false},"excerpt":{"rendered":"<p>Somos um, esse \u00e9 o t\u00edtulo do mais recente trabalho de Jorge Camargo. Um livro para ouvir; um CD para ler. S\u00e3o oito can\u00e7\u00f5es inspiradas no pensamento e na vida de oito figuras raras do cristianismo: Irineu de Li\u00e3o, Agostinho, pseudo Dion\u00edsio Areopagita, Anselmo, Francisco de Assis, Tereza de \u00c1vila, Jo\u00e3o da Cruz e Thomas [&hellip;]<\/p>\n","protected":false},"author":35,"featured_media":0,"comment_status":"open","ping_status":"open","sticky":false,"template":"","format":"standard","meta":{"ngg_post_thumbnail":0,"footnotes":""},"categories":[4070],"tags":[],"class_list":["post-168","post","type-post","status-publish","format-standard","hentry","category-jorge-camargo"],"_links":{"self":[{"href":"https:\/\/ultimato.com.br\/sites\/gladircabral\/wp-json\/wp\/v2\/posts\/168","targetHints":{"allow":["GET"]}}],"collection":[{"href":"https:\/\/ultimato.com.br\/sites\/gladircabral\/wp-json\/wp\/v2\/posts"}],"about":[{"href":"https:\/\/ultimato.com.br\/sites\/gladircabral\/wp-json\/wp\/v2\/types\/post"}],"author":[{"embeddable":true,"href":"https:\/\/ultimato.com.br\/sites\/gladircabral\/wp-json\/wp\/v2\/users\/35"}],"replies":[{"embeddable":true,"href":"https:\/\/ultimato.com.br\/sites\/gladircabral\/wp-json\/wp\/v2\/comments?post=168"}],"version-history":[{"count":0,"href":"https:\/\/ultimato.com.br\/sites\/gladircabral\/wp-json\/wp\/v2\/posts\/168\/revisions"}],"wp:attachment":[{"href":"https:\/\/ultimato.com.br\/sites\/gladircabral\/wp-json\/wp\/v2\/media?parent=168"}],"wp:term":[{"taxonomy":"category","embeddable":true,"href":"https:\/\/ultimato.com.br\/sites\/gladircabral\/wp-json\/wp\/v2\/categories?post=168"},{"taxonomy":"post_tag","embeddable":true,"href":"https:\/\/ultimato.com.br\/sites\/gladircabral\/wp-json\/wp\/v2\/tags?post=168"}],"curies":[{"name":"wp","href":"https:\/\/api.w.org\/{rel}","templated":true}]}}