{"id":159,"date":"2008-01-30T18:04:06","date_gmt":"2008-01-30T21:04:06","guid":{"rendered":"http:\/\/www.gladircabral.com.br\/2008\/01\/30\/pastores-e-modelos\/"},"modified":"2008-01-30T18:04:06","modified_gmt":"2008-01-30T21:04:06","slug":"pastores-e-modelos","status":"publish","type":"post","link":"https:\/\/ultimato.com.br\/sites\/gladircabral\/2008\/01\/30\/pastores-e-modelos\/","title":{"rendered":"pastores e modelos"},"content":{"rendered":"<p><a href=\"http:\/\/ultimato.com.br\/sites\/gladircabral\/files\/2008\/01\/eugene-peterson.jpg\" rel=\"lightbox[pics-1201725538]\" title=\"eugene-peterson.jpg\"><img loading=\"lazy\" decoding=\"async\" src=\"http:\/\/ultimato.com.br\/sites\/gladircabral\/files\/2008\/01\/eugene-peterson.jpg\" alt=\"eugene-peterson.jpg\" class=\"imageframe imgalignleft\" height=\"142\" width=\"200\" \/><\/a><\/p>\n<p>Eugene Peterson em entrevista \u00e0 editora Eerdmans publicada em fevereiro de 2005:<\/p>\n<blockquote><p>Quando me tornei pastor, eu n\u00e3o sabia o que \u00e9 ser pastor. Eu percebi que era uma vida muito complicada em que eu tinha de lidar n\u00e3o somente com o Pai, Filho e Esp\u00edrito Santo, mas com almas preciosas da congrega\u00e7\u00e3o. Mas quando olhei ao redor, parecia que muitos pastores do meu pa\u00eds tinham adotado a linguagem do mercado e dos empres\u00e1rios (despersonalizando as &#8220;almas&#8221; e transformando-as em consumidores ou clientes) e tornado os soci\u00f3logos e psic\u00f3logos seus mestres (desprezando o aux\u00edlio dos te\u00f3logos e dos artistas). Eles adaptaram a voca\u00e7\u00e3o pastoral para servir ao crit\u00e9rio de sucesso tal qual \u00e9 definido pela cultura norte-americana. Eu quis recuperar, para mim mesmo, as condi\u00e7\u00f5es b\u00edblicas e teol\u00f3gicas em que eu pudesse ser um pastor com integridade &#8212; e sendo um escritor, escrever era uma forma de descobrir e articular o que eu estava procurando. Escrevi meus livros antes de tudo para mim mesmo, tentando entender e viver em minha congrega\u00e7\u00e3o o que notei que os pastores que me precederam haviam feito por 2.000 anos. Nesse processo, desenvolvi um senso de urg\u00eancia e responsabilidade no sentido de resgatar o entendimento do que \u00e9 voca\u00e7\u00e3o pastoral para meus irm\u00e3os e irm\u00e3s que pastoreiam.<\/p><\/blockquote>\n","protected":false},"excerpt":{"rendered":"<p>Eugene Peterson em entrevista \u00e0 editora Eerdmans publicada em fevereiro de 2005: Quando me tornei pastor, eu n\u00e3o sabia o que \u00e9 ser pastor. Eu percebi que era uma vida muito complicada em que eu tinha de lidar n\u00e3o somente com o Pai, Filho e Esp\u00edrito Santo, mas com almas preciosas da congrega\u00e7\u00e3o. Mas quando [&hellip;]<\/p>\n","protected":false},"author":35,"featured_media":0,"comment_status":"open","ping_status":"open","sticky":false,"template":"","format":"standard","meta":{"ngg_post_thumbnail":0,"footnotes":""},"categories":[12749,1],"tags":[],"class_list":["post-159","post","type-post","status-publish","format-standard","hentry","category-eugene-peterson","category-uncategorized"],"_links":{"self":[{"href":"https:\/\/ultimato.com.br\/sites\/gladircabral\/wp-json\/wp\/v2\/posts\/159","targetHints":{"allow":["GET"]}}],"collection":[{"href":"https:\/\/ultimato.com.br\/sites\/gladircabral\/wp-json\/wp\/v2\/posts"}],"about":[{"href":"https:\/\/ultimato.com.br\/sites\/gladircabral\/wp-json\/wp\/v2\/types\/post"}],"author":[{"embeddable":true,"href":"https:\/\/ultimato.com.br\/sites\/gladircabral\/wp-json\/wp\/v2\/users\/35"}],"replies":[{"embeddable":true,"href":"https:\/\/ultimato.com.br\/sites\/gladircabral\/wp-json\/wp\/v2\/comments?post=159"}],"version-history":[{"count":0,"href":"https:\/\/ultimato.com.br\/sites\/gladircabral\/wp-json\/wp\/v2\/posts\/159\/revisions"}],"wp:attachment":[{"href":"https:\/\/ultimato.com.br\/sites\/gladircabral\/wp-json\/wp\/v2\/media?parent=159"}],"wp:term":[{"taxonomy":"category","embeddable":true,"href":"https:\/\/ultimato.com.br\/sites\/gladircabral\/wp-json\/wp\/v2\/categories?post=159"},{"taxonomy":"post_tag","embeddable":true,"href":"https:\/\/ultimato.com.br\/sites\/gladircabral\/wp-json\/wp\/v2\/tags?post=159"}],"curies":[{"name":"wp","href":"https:\/\/api.w.org\/{rel}","templated":true}]}}