{"id":152,"date":"2008-01-28T20:43:03","date_gmt":"2008-01-28T23:43:03","guid":{"rendered":"http:\/\/www.gladircabral.com.br\/2008\/01\/28\/paz-e-comunhao\/"},"modified":"2008-01-28T20:43:03","modified_gmt":"2008-01-28T23:43:03","slug":"paz-e-comunhao-2","status":"publish","type":"post","link":"https:\/\/ultimato.com.br\/sites\/gladircabral\/2008\/01\/28\/paz-e-comunhao-2\/","title":{"rendered":"paz e comunh\u00e3o"},"content":{"rendered":"<p>Gente:<\/p>\n<p>Encontrei esta grava\u00e7\u00e3o do Quarteto Vida cantanto &#8220;Paz e Comunh\u00e3o&#8221; no II SOS Vida, em 1992. Compartilho:<\/p>\n","protected":false},"excerpt":{"rendered":"<p>Gente: Encontrei esta grava\u00e7\u00e3o do Quarteto Vida cantanto &#8220;Paz e Comunh\u00e3o&#8221; no II SOS Vida, em 1992. Compartilho:<\/p>\n","protected":false},"author":35,"featured_media":0,"comment_status":"open","ping_status":"open","sticky":false,"template":"","format":"standard","meta":{"ngg_post_thumbnail":0,"footnotes":""},"categories":[115],"tags":[12808,12793,12795],"class_list":["post-152","post","type-post","status-publish","format-standard","hentry","category-videos","tag-cancoes","tag-quarteto-vida","tag-sos-vida"],"_links":{"self":[{"href":"https:\/\/ultimato.com.br\/sites\/gladircabral\/wp-json\/wp\/v2\/posts\/152","targetHints":{"allow":["GET"]}}],"collection":[{"href":"https:\/\/ultimato.com.br\/sites\/gladircabral\/wp-json\/wp\/v2\/posts"}],"about":[{"href":"https:\/\/ultimato.com.br\/sites\/gladircabral\/wp-json\/wp\/v2\/types\/post"}],"author":[{"embeddable":true,"href":"https:\/\/ultimato.com.br\/sites\/gladircabral\/wp-json\/wp\/v2\/users\/35"}],"replies":[{"embeddable":true,"href":"https:\/\/ultimato.com.br\/sites\/gladircabral\/wp-json\/wp\/v2\/comments?post=152"}],"version-history":[{"count":0,"href":"https:\/\/ultimato.com.br\/sites\/gladircabral\/wp-json\/wp\/v2\/posts\/152\/revisions"}],"wp:attachment":[{"href":"https:\/\/ultimato.com.br\/sites\/gladircabral\/wp-json\/wp\/v2\/media?parent=152"}],"wp:term":[{"taxonomy":"category","embeddable":true,"href":"https:\/\/ultimato.com.br\/sites\/gladircabral\/wp-json\/wp\/v2\/categories?post=152"},{"taxonomy":"post_tag","embeddable":true,"href":"https:\/\/ultimato.com.br\/sites\/gladircabral\/wp-json\/wp\/v2\/tags?post=152"}],"curies":[{"name":"wp","href":"https:\/\/api.w.org\/{rel}","templated":true}]}}