{"id":149,"date":"2008-01-28T08:58:47","date_gmt":"2008-01-28T11:58:47","guid":{"rendered":"http:\/\/www.gladircabral.com.br\/2008\/01\/28\/a-lata-do-lixo\/"},"modified":"2008-01-28T08:58:47","modified_gmt":"2008-01-28T11:58:47","slug":"a-lata-do-lixo","status":"publish","type":"post","link":"https:\/\/ultimato.com.br\/sites\/gladircabral\/2008\/01\/28\/a-lata-do-lixo\/","title":{"rendered":"a lata do lixo"},"content":{"rendered":"<p><a href=\"http:\/\/ultimato.com.br\/sites\/gladircabral\/files\/2008\/01\/lixao.jpg\" rel=\"lightbox[pics-1201521203]\" title=\"lix\u00e3o\"><img loading=\"lazy\" decoding=\"async\" src=\"http:\/\/ultimato.com.br\/sites\/gladircabral\/files\/2008\/01\/lixao.jpg\" alt=\"lix\u00e3o\" class=\"imageframe imgalignleft\" height=\"161\" width=\"250\" \/><\/a><\/p>\n<p>Aqui est\u00e1 uma vers\u00e3o alternativa da can\u00e7\u00e3o &#8220;A lata do lixo&#8221;. Trata-se de uma can\u00e7\u00e3o feita sob encomenda para o projeto &#8220;A Turma da Arca&#8221;, da editora Luz para o Caminho. Esta vers\u00e3o traz a bel\u00edssima voz da Gezilane de S\u00e1.<\/p>\n<blockquote><p><strong>A lata do lixo<\/strong><\/p>\n<p>Na lata do lixo a sujeira<br \/>\nNa cesta do lixo o papel<br \/>\nNa lata do lixo a besteira<br \/>\nO resto da sobra do mel<br \/>\nNa lata do lixo a madeira<br \/>\nNo saco do lixo o metal<br \/>\nO resto da sobra da feira<br \/>\nO resto do reino animal<br \/>\nNa lata do lixo&#8230;<\/p>\n<p>Em cima da mesa a comida<br \/>\nEm volta da mesa o irm\u00e3o<br \/>\nEm cima da mesa a bebida<br \/>\nEm volta da mesa a can\u00e7\u00e3o<br \/>\nEm cima da mesa a toalha<br \/>\nEm volta da mesa o perd\u00e3o<br \/>\nEm cima da mesa a migalha<br \/>\nEm volta o peda\u00e7o de p\u00e3o<br \/>\nEm volta da mesa&#8230;<\/p>\n<p>Em cima da terra a cidade<br \/>\nEm volta da terra o lix\u00e3o<br \/>\nEm cima da terra avenida<br \/>\nEm volta da terra eros\u00e3o<br \/>\nEm cima da terra cal\u00e7ada<br \/>\nEm volta da terra avi\u00e3o<br \/>\nEm cima da terra o esgoto<br \/>\nEm volta a revolta e o n\u00e3o<br \/>\nEm volta da terra&#8230;<\/p><\/blockquote>\n","protected":false},"excerpt":{"rendered":"<p>Aqui est\u00e1 uma vers\u00e3o alternativa da can\u00e7\u00e3o &#8220;A lata do lixo&#8221;. Trata-se de uma can\u00e7\u00e3o feita sob encomenda para o projeto &#8220;A Turma da Arca&#8221;, da editora Luz para o Caminho. Esta vers\u00e3o traz a bel\u00edssima voz da Gezilane de S\u00e1. A lata do lixo Na lata do lixo a sujeira Na cesta do lixo [&hellip;]<\/p>\n","protected":false},"author":35,"featured_media":0,"comment_status":"open","ping_status":"open","sticky":false,"template":"","format":"standard","meta":{"ngg_post_thumbnail":0,"footnotes":""},"categories":[12738],"tags":[12777,12808,12785,12788],"class_list":["post-149","post","type-post","status-publish","format-standard","hentry","category-cancoes","tag-a-turma-da-arca","tag-cancoes","tag-gezilane-de-sa","tag-luz-para-o-caminho"],"_links":{"self":[{"href":"https:\/\/ultimato.com.br\/sites\/gladircabral\/wp-json\/wp\/v2\/posts\/149","targetHints":{"allow":["GET"]}}],"collection":[{"href":"https:\/\/ultimato.com.br\/sites\/gladircabral\/wp-json\/wp\/v2\/posts"}],"about":[{"href":"https:\/\/ultimato.com.br\/sites\/gladircabral\/wp-json\/wp\/v2\/types\/post"}],"author":[{"embeddable":true,"href":"https:\/\/ultimato.com.br\/sites\/gladircabral\/wp-json\/wp\/v2\/users\/35"}],"replies":[{"embeddable":true,"href":"https:\/\/ultimato.com.br\/sites\/gladircabral\/wp-json\/wp\/v2\/comments?post=149"}],"version-history":[{"count":0,"href":"https:\/\/ultimato.com.br\/sites\/gladircabral\/wp-json\/wp\/v2\/posts\/149\/revisions"}],"wp:attachment":[{"href":"https:\/\/ultimato.com.br\/sites\/gladircabral\/wp-json\/wp\/v2\/media?parent=149"}],"wp:term":[{"taxonomy":"category","embeddable":true,"href":"https:\/\/ultimato.com.br\/sites\/gladircabral\/wp-json\/wp\/v2\/categories?post=149"},{"taxonomy":"post_tag","embeddable":true,"href":"https:\/\/ultimato.com.br\/sites\/gladircabral\/wp-json\/wp\/v2\/tags?post=149"}],"curies":[{"name":"wp","href":"https:\/\/api.w.org\/{rel}","templated":true}]}}