{"id":146,"date":"2008-01-21T08:45:02","date_gmt":"2008-01-21T11:45:02","guid":{"rendered":"http:\/\/www.gladircabral.com.br\/2008\/01\/21\/146\/"},"modified":"2008-01-21T08:45:02","modified_gmt":"2008-01-21T11:45:02","slug":"146","status":"publish","type":"post","link":"https:\/\/ultimato.com.br\/sites\/gladircabral\/2008\/01\/21\/146\/","title":{"rendered":"entrevista para a Cristianismo Criativo"},"content":{"rendered":"<p>Meus queridos amigos: segue uma entrevista concedida \u00e0 revista virtual Cristianismo Criativo. Visitem o site: http:\/\/www.cristianismocriativo.com.br.<\/p>\n<p>10 de January de 2008<\/p>\n<p><strong><img loading=\"lazy\" decoding=\"async\" src=\"http:\/\/www.cristianismocriativo.com.br\/images\/stories\/gladir3.jpg\" alt=\"Image\" title=\"Image\" border=\"0\" height=\"246\" hspace=\"6\" width=\"325\" \/><\/strong><\/p>\n<p><em>&#8220;Minha voz \u00e9 apenas uma pequenina e desconcertada interfer\u00eancia neste grande debate sobre a realidade e a vida&#8221;. <\/em>Esta fala, do professor, poeta e m\u00fasico Gladir Cabral, inspira a poesia correndo em suas veias. Tendo a doc\u00eancia como of\u00edcio &#8211; j\u00e1 que Gladir \u00e9 professor universit\u00e1rio na \u00e1rea de Literatura, o poeta-m\u00fasico diz que tem a f\u00e9 como seu &#8220;norte&#8221;, sua fonte de &#8220;inspira\u00e7\u00e3o&#8221;, e as festas b\u00edblicas como pinceladas capazes de refletir a plenitude da vida. Leia, a seguir, a entrevista que ele concedeu ao Portal Cristianismo Criativo.<\/p>\n<p><strong>Cristianismo Criativo &#8211; Gostaria que vc falasse um pouco sobre voc\u00ea e seu trabalho&#8230; neste mundo p\u00f3s-moderno, marcado por contrastes, rupturas, falta de tempo&#8230; o que inspira um poeta-m\u00fasico?<\/strong><\/p>\n<p>Gladir Cabral &#8211; Meu trabalho \u00e9 muito simples: prop\u00f5e-se apenas a ouvir e responder a alguns poemas, can\u00e7\u00f5es e vozes no mundo conturbado em que vivemos.  \u00c9 claro, a voz primeira a ser ouvida e respondida \u00e9 a pr\u00f3pria Palavra de Deus, que traz respostas e perguntas inevit\u00e1veis nos dias de hoje. Mas h\u00e1 tamb\u00e9m as vozes dos poetas brasileiros, chilenos, argentinos, uruguaios. Violeta Parra cantou e Thiago de Mello respondeu: &#8220;Gracias a la vida&#8221;. Drummond perguntou: &#8220;E agora, Jos\u00e9&#8230;&#8221; Chico Buarque, Gilberto Gil, Elomar cantam sobre o ser brasileiro. Vozes que chegam de todo canto do Brasil. Minha voz \u00e9 apenas uma pequenina e desconcertada interfer\u00eancia neste grande debate sobre a realidade e a vida.<\/p>\n<p><strong>CC &#8211; Quando li a letra da sua can\u00e7\u00e3o &#8220;Dan\u00e7a de roda&#8221;, do CD \u00c1gua no Deserto, percebi que voc\u00ea fala da &#8216;festa&#8217; como quem fala das coisas simples da vida, que trazem alegria&#8230; me parece um paralelo b\u00edblico sobre a plenitude da vida, como quem fala de Deus de uma forma n\u00e3o-religiosa&#8230;<\/strong><\/p>\n<p>GC &#8211; Sim, a met\u00e1fora da festa \u00e9 muito valiosa nas Escrituras. O Velho Testamento \u00e9 cheio de festas de car\u00e1ter religioso, apontando para a reden\u00e7\u00e3o do povo, celebra\u00e7\u00e3o da vida, salva\u00e7\u00e3o: festa das colheitas, festa p\u00e1scoa, festa dos tabern\u00e1culos. O Novo Testamento traz Jesus come\u00e7ando seu minist\u00e9rio em Can\u00e1 da Galil\u00e9ia, numa festa de casamento. Gosto disso, de saber que nosso Deus \u00e9 de alegria, de vida plena.<\/p>\n<p><strong>CC &#8211; Como um professor, com tantos compromissos acad\u00eamicos, encontra tempo para dedicar-se \u00e0 m\u00fasica e \u00e0 poesia?<\/strong><\/p>\n<p>GC &#8211; A m\u00fasica \u00e9 um canal de express\u00e3o e cria\u00e7\u00e3o muito importante para mim. A poesia tamb\u00e9m, embora a poesia \u00e9 tamb\u00e9m parte de meu of\u00edcio, j\u00e1 que sou professor de teoria liter\u00e1ria e literatura. M\u00fasica e poesia: can\u00e7\u00e3o &#8212; eis o ve\u00edculo mais vers\u00e1til que encontrei para exprimir as coisas que penso, sinto e desejo.<\/p>\n<p><strong>CC &#8211; Para voc\u00ea, quais s\u00e3o os poetas-m\u00fasicos da contemporaneidade, pertencentes \u00e0 Igreja (de forma geral) ou n\u00e3o?<\/strong><\/p>\n<p>GC &#8211; J\u00e1 citei alguns poetas no in\u00edcio, mas h\u00e1 que acrescentar Quintana, Manuel Bandeira, Guimar\u00e3es Rosa, Ad\u00e9lia Prado. Entre os mais jovens int\u00e9rpretes e compositores, lembro-me de Lenine, Jorge Drexler, Monica Salmaso. Entre os crist\u00e3os h\u00e1 muitos queridos amigos de caminhada e sonho: St\u00eanio Marcius, Carlinhos Veiga, Tiago Vianna, Jo\u00e3o Alexandre, Josu\u00e9, Jorge Camargo, Gerson Borges, Roberto Diamanso&#8230; N\u00e3o h\u00e1 como lembrar de todos.<\/p>\n<p><strong>CC &#8211; Qual a m\u00fasica\/poesia que voc\u00ea gostaria de dedicar aos nossos leitores?<\/strong><\/p>\n<p>GC &#8211; H\u00e1 uma can\u00e7\u00e3o recente que quero compartilhar. Chama-se &#8220;Terra em Transe&#8221;, uma refer\u00eancia ao filme de Glauber e um questionamento quanto \u00e0 nossa rela\u00e7\u00e3o com a natureza. A can\u00e7\u00e3o ainda n\u00e3o foi gravada.<\/p>\n<p><img loading=\"lazy\" decoding=\"async\" src=\"http:\/\/www.cristianismocriativo.com.br\/images\/stories\/gladir2.jpg\" alt=\"Image\" title=\"Image\" border=\"0\" height=\"600\" hspace=\"6\" width=\"300\" \/><\/p>\n<p>Se era pra matar,<br \/>\nPor que deram os nomes aos bichos?<br \/>\nSe era pra cortar,<br \/>\nPor que tanto estudaram as plantas?<\/p>\n<p>Se era pra revirar a terra<br \/>\nE cimentar o campo<br \/>\nEmpacotar o vento<br \/>\nPlastificar o encanto<\/p>\n<p>Se era pra morrer<br \/>\nDe cansa\u00e7o na beira do asfalto,<br \/>\nSe era pra esquecer<br \/>\nA beleza da \u00e1gua no salto,<\/p>\n<p>Se era pra derramar o vinho<br \/>\nE semear o pranto<br \/>\nEmudecer o pinho<br \/>\nE sufocar o canto<\/p>\n<p>Se era pra perder<br \/>\nPor que foram buscar a esperan\u00e7a?<br \/>\nSe era pra correr<br \/>\nPor que foi que chamaram pra dan\u00e7a?<\/p>\n<p>Se era pra desejar o muito<br \/>\nE usufruir o pouco,<br \/>\nAcalentar o intento<br \/>\nE acabar t\u00e3o inerte e louco<\/p>\n<p>Se era pra n\u00e3o ser<br \/>\nE evitar a quest\u00e3o do poeta<br \/>\nSe era s\u00f3 pra ter<br \/>\nE virar um produto em oferta<\/p>\n<p>Se era pra ver a Terra em transe<br \/>\nA cal\u00e7ada cobrindo o mangue<br \/>\nA mata vazando sangue<br \/>\nE a cobi\u00e7a fazendo a festa<\/p>\n<p>N\u00e3o \u00e9 para responder<br \/>\n\u00c9 apenas para se repensar<br \/>\nE quem sabe recome\u00e7ar<br \/>\nReplantar \/ Refazer<\/p>\n<p><strong>CC &#8211; Como a f\u00e9 influencia sua arte?<\/strong><\/p>\n<p>GC &#8211; A f\u00e9 \u00e9 o norte, a fonte de inspira\u00e7\u00e3o de minhas can\u00e7\u00f5es. S\u00f3 se faz can\u00e7\u00e3o quando se tem esperan\u00e7a, seja pelo menos de resson\u00e2ncia. E a nossa f\u00e9 crist\u00e3 \u00e9 fundamentada na esperan\u00e7a, como nos ensinam as Escrituras. Essa esperan\u00e7a aparece em cada can\u00e7\u00e3o, \u00e0s vezes \u00e9 apenas uma refer\u00eancia discreta, como em &#8220;Terra em Transe&#8221;, \u00e0s vezes \u00e9 declara\u00e7\u00e3o expl\u00edcita, como em &#8220;Fina Esperan\u00e7a&#8221;, uma velha can\u00e7\u00e3o gravada em 1996.<\/p>\n<p><strong>CC &#8211; Na sua opini\u00e3o, qual o papel da arte na Igreja?<\/strong><\/p>\n<p>GC &#8211; No contexto da Igreja, a arte preenche v\u00e1rias fun\u00e7\u00f5es, tanto na adora\u00e7\u00e3o, no louvor, quanto na edifica\u00e7\u00e3o, na vida devocional, na atua\u00e7\u00e3o da Igreja, na evangeliza\u00e7\u00e3o, na voca\u00e7\u00e3o prof\u00e9tica da comunidade crist\u00e3, na denuncia do mal, do erro, na proclama\u00e7\u00e3o de uma palavra de Deus para os tempos atuais, no exerc\u00edcio do lamento, que tamb\u00e9m tem seu lugar em nossa vida crist\u00e3.<\/p>\n<p><strong><img loading=\"lazy\" decoding=\"async\" src=\"http:\/\/www.cristianismocriativo.com.br\/images\/stories\/gladir1.jpg\" alt=\"Image\" title=\"Image\" border=\"0\" height=\"300\" hspace=\"6\" width=\"225\" \/><\/strong><\/p>\n<p><strong>CC &#8211; O jornalista Steve Turner, autor do livro &#8220;Cristianismo Criativo?&#8221; (W4 Editora), afirma que &#8220;muitos se envolvem no exerc\u00edcio da arte porque desejam melhorar a qualidade de vida das pessoas&#8221;. Voc\u00ea concorda com esta afirma\u00e7\u00e3o? poderia coment\u00e1-la?<\/strong><\/p>\n<p>GC &#8211; Sem d\u00favida, evangelho \u00e9 vida em abund\u00e2ncia, vida plena, e isso tem tudo a ver com qualidade de vida. Todos os que compreendem o evangelho como uma mensagem de reden\u00e7\u00e3o que envolve todas as \u00e1reas da vida humana sabem que precisamos desenvolver temas n\u00e3o apenas diretamente religiosos, mas sociais, hist\u00f3ricos, pol\u00edticos, humanos, enfim.<\/p>\n<p><strong>CC &#8211;  Voc\u00ea acredita que a arte seja uma forma de alcan\u00e7ar as pessoas para o Evangelho?<\/strong><\/p>\n<p>GC &#8211; Tamb\u00e9m, mas n\u00e3o s\u00f3. Arte n\u00e3o \u00e9 s\u00f3 evangeliza\u00e7\u00e3o. \u00c9 tamb\u00e9m celebra\u00e7\u00e3o, edifica\u00e7\u00e3o, aprendizado, profecia, criticidade, lamento, compartilhamento, declara\u00e7\u00e3o de amor e de f\u00e9.<\/p>\n<p><strong>CC &#8211; Como podemos influenciar a Igreja, saindo do lugar-comum?<\/strong><\/p>\n<p>GC &#8211; Ouvindo mais o que o povo fala, ouvindo os poetas do povo, ouvindo as can\u00e7\u00f5es, as dan\u00e7as do povo, e respondendo adequadamente, com paci\u00eancia, humildade, carinho e respeito.<\/p>\n<p><strong>CC &#8211; Bem, agrade\u00e7o muit\u00edssimo pela entrevista. Obrigada por participar do Portal Cristianismo Criativo.<\/strong><\/p>\n<p>GC &#8211; Eu \u00e9 que agrade\u00e7o pela oportunidade de participar.<\/p>\n","protected":false},"excerpt":{"rendered":"<p>Meus queridos amigos: segue uma entrevista concedida \u00e0 revista virtual Cristianismo Criativo. Visitem o site: http:\/\/www.cristianismocriativo.com.br. 10 de January de 2008 &#8220;Minha voz \u00e9 apenas uma pequenina e desconcertada interfer\u00eancia neste grande debate sobre a realidade e a vida&#8221;. Esta fala, do professor, poeta e m\u00fasico Gladir Cabral, inspira a poesia correndo em suas veias. [&hellip;]<\/p>\n","protected":false},"author":35,"featured_media":0,"comment_status":"open","ping_status":"open","sticky":false,"template":"","format":"standard","meta":{"ngg_post_thumbnail":0,"footnotes":""},"categories":[114,5497],"tags":[],"class_list":["post-146","post","type-post","status-publish","format-standard","hentry","category-artigos","category-entrevista"],"_links":{"self":[{"href":"https:\/\/ultimato.com.br\/sites\/gladircabral\/wp-json\/wp\/v2\/posts\/146","targetHints":{"allow":["GET"]}}],"collection":[{"href":"https:\/\/ultimato.com.br\/sites\/gladircabral\/wp-json\/wp\/v2\/posts"}],"about":[{"href":"https:\/\/ultimato.com.br\/sites\/gladircabral\/wp-json\/wp\/v2\/types\/post"}],"author":[{"embeddable":true,"href":"https:\/\/ultimato.com.br\/sites\/gladircabral\/wp-json\/wp\/v2\/users\/35"}],"replies":[{"embeddable":true,"href":"https:\/\/ultimato.com.br\/sites\/gladircabral\/wp-json\/wp\/v2\/comments?post=146"}],"version-history":[{"count":0,"href":"https:\/\/ultimato.com.br\/sites\/gladircabral\/wp-json\/wp\/v2\/posts\/146\/revisions"}],"wp:attachment":[{"href":"https:\/\/ultimato.com.br\/sites\/gladircabral\/wp-json\/wp\/v2\/media?parent=146"}],"wp:term":[{"taxonomy":"category","embeddable":true,"href":"https:\/\/ultimato.com.br\/sites\/gladircabral\/wp-json\/wp\/v2\/categories?post=146"},{"taxonomy":"post_tag","embeddable":true,"href":"https:\/\/ultimato.com.br\/sites\/gladircabral\/wp-json\/wp\/v2\/tags?post=146"}],"curies":[{"name":"wp","href":"https:\/\/api.w.org\/{rel}","templated":true}]}}