{"id":143,"date":"2008-01-13T15:40:38","date_gmt":"2008-01-13T18:40:38","guid":{"rendered":"http:\/\/www.gladircabral.com.br\/2008\/01\/13\/antes-que-eu-me-esqueca\/"},"modified":"2008-01-13T15:40:38","modified_gmt":"2008-01-13T18:40:38","slug":"antes-que-eu-me-esqueca","status":"publish","type":"post","link":"https:\/\/ultimato.com.br\/sites\/gladircabral\/2008\/01\/13\/antes-que-eu-me-esqueca\/","title":{"rendered":"antes que eu me esque\u00e7a"},"content":{"rendered":"<p>Apresento aqui uma vers\u00e3o alternativa da can\u00e7\u00e3o &#8220;Antes que eu me esque\u00e7a&#8221;, que est\u00e1 no CD Luz para o Caminho. Uma celebra\u00e7\u00e3o do amor e da vida.<\/p>\n<p><a href=\"http:\/\/ultimato.com.br\/sites\/gladircabral\/files\/2008\/01\/casamento-rubia-055.jpg\" rel=\"lightbox[pics-1200247467]\" title=\"familia\"><img loading=\"lazy\" decoding=\"async\" src=\"http:\/\/ultimato.com.br\/sites\/gladircabral\/files\/2008\/01\/casamento-rubia-055.jpg\" alt=\"familia\" class=\"imageframe imgalignleft\" height=\"187\" width=\"250\" \/><\/a><\/p>\n<address>Verdade seja dita,<\/address>\n<address>J\u00e1 n\u00e3o vivo mais sem teu amor<\/address>\n<address>E a minha alma aflita.<\/address>\n<address>Procura o teu lume, a tua cor.<\/address>\n<address>\u00c0 sombra do teu corpo<\/address>\n<address>Cresceram as flores do jardim,<\/address>\n<address>A for\u00e7a do teu sopro<\/address>\n<address>Anima o alento que h\u00e1 em mim.<\/address>\n<address>\u00a0<\/address>\n<address>Bendita \u00e9 a senhora<\/address>\n<address>Das horas que passo por aqui,<\/address>\n<address>Benditas as palavras<\/address>\n<address>T\u00e3o doces que s\u00f3 ouvi de ti.<\/address>\n<address>Justi\u00e7a seja feita,<\/address>\n<address>\u00a0<\/address>\n<address>Palavra perfeita n\u00e3o me cabe,<\/address>\n<address>Pois tudo o que se diga<\/address>\n<address>\u00c9 parcela de um todo, \u00e9 s\u00f3 metade.<\/address>\n<address>O quadro na parede<\/address>\n<address>\u00c9 espelho, \u00e9 janela bem discreta,<\/address>\n<address>O risco do tapete,<\/address>\n<address>O bordado, a cortina entreaberta.<\/address>\n<address>\u00a0<\/address>\n<address>Juntando nossas vidas,<\/address>\n<address>Criamos um ninho alegre e vivo.<\/address>\n<address>N\u00e3o falta o alimento<\/address>\n<address>E Deus acrescenta o que \u00e9 preciso.<\/address>\n<address>O tempo vai passando<\/address>\n<address>E o mundo celebra um novo ano,<\/address>\n<address>Mas antes que eu me esque\u00e7a<\/address>\n<address>S\u00f3 deixa dizer-te que te amo.<\/address>\n<p><a href=\"http:\/\/ultimato.com.br\/sites\/gladircabral\/files\/2008\/01\/antes-que-eu-me-esqueca.mp3\" title=\"antes-que-eu-me-esqueca.mp3\"><br \/>\n<\/a><\/p>\n","protected":false},"excerpt":{"rendered":"<p>Apresento aqui uma vers\u00e3o alternativa da can\u00e7\u00e3o &#8220;Antes que eu me esque\u00e7a&#8221;, que est\u00e1 no CD Luz para o Caminho. Uma celebra\u00e7\u00e3o do amor e da vida. Verdade seja dita, J\u00e1 n\u00e3o vivo mais sem teu amor E a minha alma aflita. Procura o teu lume, a tua cor. \u00c0 sombra do teu corpo Cresceram [&hellip;]<\/p>\n","protected":false},"author":35,"featured_media":0,"comment_status":"open","ping_status":"open","sticky":false,"template":"","format":"standard","meta":{"ngg_post_thumbnail":0,"footnotes":""},"categories":[12738],"tags":[],"class_list":["post-143","post","type-post","status-publish","format-standard","hentry","category-cancoes"],"_links":{"self":[{"href":"https:\/\/ultimato.com.br\/sites\/gladircabral\/wp-json\/wp\/v2\/posts\/143","targetHints":{"allow":["GET"]}}],"collection":[{"href":"https:\/\/ultimato.com.br\/sites\/gladircabral\/wp-json\/wp\/v2\/posts"}],"about":[{"href":"https:\/\/ultimato.com.br\/sites\/gladircabral\/wp-json\/wp\/v2\/types\/post"}],"author":[{"embeddable":true,"href":"https:\/\/ultimato.com.br\/sites\/gladircabral\/wp-json\/wp\/v2\/users\/35"}],"replies":[{"embeddable":true,"href":"https:\/\/ultimato.com.br\/sites\/gladircabral\/wp-json\/wp\/v2\/comments?post=143"}],"version-history":[{"count":0,"href":"https:\/\/ultimato.com.br\/sites\/gladircabral\/wp-json\/wp\/v2\/posts\/143\/revisions"}],"wp:attachment":[{"href":"https:\/\/ultimato.com.br\/sites\/gladircabral\/wp-json\/wp\/v2\/media?parent=143"}],"wp:term":[{"taxonomy":"category","embeddable":true,"href":"https:\/\/ultimato.com.br\/sites\/gladircabral\/wp-json\/wp\/v2\/categories?post=143"},{"taxonomy":"post_tag","embeddable":true,"href":"https:\/\/ultimato.com.br\/sites\/gladircabral\/wp-json\/wp\/v2\/tags?post=143"}],"curies":[{"name":"wp","href":"https:\/\/api.w.org\/{rel}","templated":true}]}}