{"id":141,"date":"2008-01-11T17:15:14","date_gmt":"2008-01-11T20:15:14","guid":{"rendered":"http:\/\/www.gladircabral.com.br\/2008\/01\/11\/bela-valsa\/"},"modified":"2008-01-11T17:15:14","modified_gmt":"2008-01-11T20:15:14","slug":"bela-valsa","status":"publish","type":"post","link":"https:\/\/ultimato.com.br\/sites\/gladircabral\/2008\/01\/11\/bela-valsa\/","title":{"rendered":"bela valsa"},"content":{"rendered":"<p style=\"text-align: center\"><img loading=\"lazy\" decoding=\"async\" src=\"http:\/\/ultimato.com.br\/sites\/gladircabral\/files\/2008\/01\/chacara-008.jpg\" alt=\"tiago e gladir\" height=\"187\" width=\"250\" \/><\/p>\n<p>Mais um fruto de uma parceria que promete. \u00c9 uma can\u00e7\u00e3o de amor e um convite \u00e0 dan\u00e7a. T\u00e1 certo, eu n\u00e3o sei dan\u00e7ar, pelo menos n\u00e3o na pr\u00e1tica, mas a teoria eu sei muito bem.  E da\u00ed, eu tamb\u00e9m nunca naveguei pelos sete mares. Mas calma, isso \u00e9 poesia!<\/p>\n<p>Veja a dan\u00e7a leve dos planetas<\/p>\n<blockquote><p>Em derredor de um sol dourado<\/p>\n<p>Que n\u00e3o se cansa de rodopiar<\/p>\n<p>Os ponteiros vivos do rel\u00f3gio<\/p>\n<p>Indicando o compasso de um novo tempo<\/p>\n<p>E o nosso passo em rela\u00e7\u00e3o ao vento<\/p>\n<p>Brilho de farol cruzando os sete mares<\/p>\n<p>Aviso a todo navegante<\/p>\n<p>No instante desta preamar<\/p>\n<p>Vem comigo navegar em plena mar\u00e9 alta<\/p>\n<p>\u00c9 hora de bailar ao som da bela valsa<\/p>\n<p align=\"right\">(Tiago Vianna &amp; Gladir Cabral)<\/p>\n<\/blockquote>\n","protected":false},"excerpt":{"rendered":"<p>Mais um fruto de uma parceria que promete. \u00c9 uma can\u00e7\u00e3o de amor e um convite \u00e0 dan\u00e7a. T\u00e1 certo, eu n\u00e3o sei dan\u00e7ar, pelo menos n\u00e3o na pr\u00e1tica, mas a teoria eu sei muito bem. E da\u00ed, eu tamb\u00e9m nunca naveguei pelos sete mares. Mas calma, isso \u00e9 poesia! Veja a dan\u00e7a leve dos [&hellip;]<\/p>\n","protected":false},"author":35,"featured_media":0,"comment_status":"open","ping_status":"open","sticky":false,"template":"","format":"standard","meta":{"ngg_post_thumbnail":0,"footnotes":""},"categories":[12738],"tags":[],"class_list":["post-141","post","type-post","status-publish","format-standard","hentry","category-cancoes"],"_links":{"self":[{"href":"https:\/\/ultimato.com.br\/sites\/gladircabral\/wp-json\/wp\/v2\/posts\/141","targetHints":{"allow":["GET"]}}],"collection":[{"href":"https:\/\/ultimato.com.br\/sites\/gladircabral\/wp-json\/wp\/v2\/posts"}],"about":[{"href":"https:\/\/ultimato.com.br\/sites\/gladircabral\/wp-json\/wp\/v2\/types\/post"}],"author":[{"embeddable":true,"href":"https:\/\/ultimato.com.br\/sites\/gladircabral\/wp-json\/wp\/v2\/users\/35"}],"replies":[{"embeddable":true,"href":"https:\/\/ultimato.com.br\/sites\/gladircabral\/wp-json\/wp\/v2\/comments?post=141"}],"version-history":[{"count":0,"href":"https:\/\/ultimato.com.br\/sites\/gladircabral\/wp-json\/wp\/v2\/posts\/141\/revisions"}],"wp:attachment":[{"href":"https:\/\/ultimato.com.br\/sites\/gladircabral\/wp-json\/wp\/v2\/media?parent=141"}],"wp:term":[{"taxonomy":"category","embeddable":true,"href":"https:\/\/ultimato.com.br\/sites\/gladircabral\/wp-json\/wp\/v2\/categories?post=141"},{"taxonomy":"post_tag","embeddable":true,"href":"https:\/\/ultimato.com.br\/sites\/gladircabral\/wp-json\/wp\/v2\/tags?post=141"}],"curies":[{"name":"wp","href":"https:\/\/api.w.org\/{rel}","templated":true}]}}