{"id":1228,"date":"2016-09-08T11:14:29","date_gmt":"2016-09-08T14:14:29","guid":{"rendered":"http:\/\/ultimato.com.br\/sites\/gladircabral\/?p=1228"},"modified":"2016-09-08T11:14:29","modified_gmt":"2016-09-08T14:14:29","slug":"nossa-musica-brasileira-um-chao-fecundo-para-a-criatividade","status":"publish","type":"post","link":"https:\/\/ultimato.com.br\/sites\/gladircabral\/2016\/09\/08\/nossa-musica-brasileira-um-chao-fecundo-para-a-criatividade\/","title":{"rendered":"Nossa M\u00fasica Brasileira: um ch\u00e3o fecundo para a criatividade"},"content":{"rendered":"<p><a href=\"http:\/\/ultimato.com.br\/sites\/gladircabral\/files\/2016\/09\/nmb-e1473337650224.jpg\"><img loading=\"lazy\" decoding=\"async\" class=\"aligncenter size-full wp-image-1229\" src=\"http:\/\/ultimato.com.br\/sites\/gladircabral\/files\/2016\/09\/nmb-e1473337650224.jpg\" alt=\"nmb\" width=\"600\" height=\"254\" \/><\/a><\/p>\n<p>&nbsp;<\/p>\n<p>No \u00faltimo m\u00eas de agosto ocorreu no acampamento Jovens da Verdade, em Aruj\u00e1 (SP), a d\u00e9cima edi\u00e7\u00e3o do \u201cNossa M\u00fasica Brasileira\u201d (NMB), um encontro que contemplou n\u00e3o apenas a linguagem musical, mas tamb\u00e9m o teatro, a poesia, a fotografia e a pintura. Tendo participado de diversas edi\u00e7\u00f5es anteriores, acompanho com expectativa e alegria cada novo encontro. Quero falar neste espa\u00e7o da import\u00e2ncia do evento para a m\u00fasica brasileira, em primeiro lugar, e para a m\u00fasica crist\u00e3<\/p>\n<div id=\"attachment_1230\" style=\"width: 410px\" class=\"wp-caption alignright\"><a href=\"http:\/\/ultimato.com.br\/sites\/gladircabral\/files\/2016\/09\/joao_alexandre-e1473338671940.jpg\"><img loading=\"lazy\" decoding=\"async\" aria-describedby=\"caption-attachment-1230\" class=\"size-full wp-image-1230\" src=\"http:\/\/ultimato.com.br\/sites\/gladircabral\/files\/2016\/09\/joao_alexandre-e1473338671940.jpg\" alt=\"Jo\u00e3o Alexandre canta no NMB. Foto: David Vieira\" width=\"400\" height=\"267\" \/><\/a><p id=\"caption-attachment-1230\" class=\"wp-caption-text\">Jo\u00e3o Alexandre canta no NMB. Foto: David Vieira<\/p><\/div>\n<p>brasileira em particular. Desejo apontar aqui seis raz\u00f5es pelas quais considero, esse evento, da mais alta import\u00e2ncia para a igreja brasileira.<\/p>\n<p>&nbsp;<\/p>\n<p><strong>1. Uma comunidade de artistas e amantes da arte<\/strong><\/p>\n<p>O NMB tem a capacidade de criar uma comunidade viva de artistas e apreciadores da arte vindos de v\u00e1rias partes do Brasil, com representantes do Sudeste, Sul, Norte, Nordeste e Centro-oeste do pa\u00eds. Esses artistas e amantes da arte se conhecem, criam v\u00ednculo, trocam experi\u00eancias e repartem seus dons e talentos. A arte crist\u00e3 nasce assim, da experi\u00eancia e da vida em comunidade, do coletivo de nossas exist\u00eancias. Dessa maneira o NMB tem provado que a arte crist\u00e3 n\u00e3o nasce da genialidade de um artista solit\u00e1rio trancafiado em sua torre, mas do povo que tem cora\u00e7\u00e3o aberto, mente sens\u00edvel e m\u00e3os dispostas a escrever novos acordes, novos poemas.<\/p>\n<p>&nbsp;<\/p>\n<p><strong> 2. Um espa\u00e7o para reflex\u00e3o est\u00e9tica e teol\u00f3gica<\/strong><\/p>\n<p>O NMB tamb\u00e9m tem se configurado como um evento que produz reflex\u00e3o cr\u00edtica e profunda sobre a f\u00e9 crist\u00e3 e o seu v\u00ednculo com a arte, a cultura e a sociedade humana. J\u00e1 houve edi\u00e7\u00f5es em que foi poss\u00edvel refletir sobre a imagina\u00e7\u00e3o e a f\u00e9 crist\u00e3, a arte crist\u00e3 e o mundo moderno (e tamb\u00e9m p\u00f3s-moderno), arte e teologia, m\u00fasica crist\u00e3 contempor\u00e2nea e cultura de massa, m\u00fasica crist\u00e3 e cultura gospel, e a hist\u00f3ria da m\u00fasica evang\u00e9lica no Brasil. Temos tido sempre a colabora\u00e7\u00e3o de te\u00f3logos, mission\u00e1rios, pastores e mestres que tomam a dianteira na tarefa de pensar a m\u00fasica e a cultura brasileira a partir da gra\u00e7a t\u00e3o bela trazida pelo evangelho.<\/p>\n<p>&nbsp;<\/p>\n<p><strong> 3. Um ch\u00e3o fecundo para a criatividade<\/strong><\/p>\n<div id=\"attachment_1233\" style=\"width: 310px\" class=\"wp-caption alignright\"><a href=\"http:\/\/ultimato.com.br\/sites\/gladircabral\/files\/2016\/09\/teatro_rafael_damata-e1473343558230.jpg\"><img loading=\"lazy\" decoding=\"async\" aria-describedby=\"caption-attachment-1233\" class=\"wp-image-1233 size-full\" src=\"http:\/\/ultimato.com.br\/sites\/gladircabral\/files\/2016\/09\/teatro_rafael_damata-e1473343558230.jpg\" alt=\"Teatro: Rafael Damata. Foto: Cris Tozzi.\" width=\"300\" height=\"257\" \/><\/a><p id=\"caption-attachment-1233\" class=\"wp-caption-text\">Teatro: Rafael Damata. Foto: Cris Tozzi.<\/p><\/div>\n<p>O NMB tem se constitu\u00eddo como lugar para o exerc\u00edcio da criatividade e como celeiro de inspira\u00e7\u00e3o para novos projetos art\u00edsticos e culturais, novas ideias para novas can\u00e7\u00f5es. Posso dizer que, no meu caso, o CD \u201cMil Caminhadas\u201d nasceu ali, numa conversa entre amigos. Sem os desafios dos amigos, sem o chamado para criar, certamente n\u00e3o haveria como seguir adiante. Ali pude apresentar pela primeira vez can\u00e7\u00f5es como \u201cPas\u00e1rgada\u201d, \u201cAlhambra\u201d, \u201cO Cartola Falou\u201d e muitas outras que nasceram de projetos come\u00e7ados ou partilhados ali. A partir dos encontros do NMB, muitas novas parcerias surgiram e est\u00e3o surgindo, ligando o Brasil de Norte a Sul. Um traz um verso, outro a melodia, um terceiro escreve uma estrofe e mais um outro parceiro escreve o coro.<\/p>\n<p>&nbsp;<\/p>\n<p><strong>4. Uma experi\u00eancia de comunh\u00e3o e de conviv\u00eancia com o diferente<\/strong><\/p>\n<p>O NMB tamb\u00e9m tem oportunizado a supera\u00e7\u00e3o das diferen\u00e7as denominacionais e a experi\u00eancia de uma dimens\u00e3o mais ecum\u00eanica da nossa f\u00e9 crist\u00e3, sem que as pessoas tenham de abrir m\u00e3o de suas convic\u00e7\u00f5es teol\u00f3gicas ou mesmo debat\u00ea-las. O que importa ali \u00e9 a troca de sensibilidades, o aprendizado m\u00fatuo, a aceita\u00e7\u00e3o do outro na sua peculiaridade, na sua singularidade. Presbiterianos, batistas, congregacionais, metodistas, anglicanos, crist\u00e3os de tradi\u00e7\u00f5es diferentes, por\u00e9m unidos no desejo de fazer arte para a gl\u00f3ria do Senhor.<\/p>\n<p>&nbsp;<\/p>\n<div id=\"attachment_1232\" style=\"width: 243px\" class=\"wp-caption alignleft\"><a href=\"http:\/\/ultimato.com.br\/sites\/gladircabral\/files\/2016\/09\/arte_desenho-e1473343825765.jpg\"><img loading=\"lazy\" decoding=\"async\" aria-describedby=\"caption-attachment-1232\" class=\"wp-image-1232\" src=\"http:\/\/ultimato.com.br\/sites\/gladircabral\/files\/2016\/09\/arte_desenho-e1473343825765.jpg\" alt=\"Arte visual: Marcelo Bittencourt; Foto: Cris Tozzi de Deus\" width=\"233\" height=\"350\" \/><\/a><p id=\"caption-attachment-1232\" class=\"wp-caption-text\">Arte visual: Marcelo Bittencourt; Foto: Cris Tozzi de Deus<\/p><\/div>\n<p><strong>5. Um lugar para se plantar m\u00fasica do Brasil<\/strong><\/p>\n<p>O NMB \u00e9 tamb\u00e9m importante como chamamento para a riqueza da cultura brasileira e para o desafio do di\u00e1logo com o nosso povo. Isso n\u00e3o torna o movimento da m\u00fasica cri<\/p>\n<p>st\u00e3 contempor\u00e2nea fechado em termos de g\u00eanero musical ou estilo, pelo contr\u00e1rio. O NMB n\u00e3o quer fazer MPB em seu sentido restrito e limitado, mas m\u00fasica que leve em conta a peculiaridade de nossa cultura brasileira, as diferen\u00e7as regionais, a diversidade de estilos, sotaques, ritmos, a mescla e o di\u00e1logo com g\u00eaneros musicais produzidos em outros pa\u00edses, como a m\u00fasica <em>folk<\/em> americana, os hinos evang\u00e9licos tradicionais, o <em>blues<\/em> e at\u00e9 mesmo o <em>rock<\/em>. Afinal, mesmo sendo <em>rock<\/em>, \u00e9 o nosso <em>rock<\/em>, o nosso jeito de tocar guitarra e soltar a voz, a nossa realidade sendo exposta e problematizada atrav\u00e9s da m\u00fasica.<\/p>\n<p>&nbsp;<\/p>\n<p>&nbsp;<\/p>\n<p><strong> 6. Um celeiro para o surgimento de novos talentos<\/strong><\/p>\n<p>O NMB tem revelado in\u00fameros talentos ao longo de sua hist\u00f3ria. Nesta \u00faltima edi\u00e7\u00e3o, por exemplo, foi gratificante conhecer o jovem violonista Manoel Lopes, que veio sozinho de S\u00e3o Lu\u00eds do Maranh\u00e3o e, sem avisar ningu\u00e9m, encantou a todos e logo estava no palco compartilhando sua voz e sua arte. Rolando Boldrin cunhou a express\u00e3o \u201cVamos tirar o Brasil da gaveta\u201d para apresentar ao p\u00fablico artistas que estavam at\u00e9 ent\u00e3o escondidos pelos quatro cantos do Brasil. Em certo sentido, \u00e9 isso tamb\u00e9m o que o NMB faz ao fazer conhecer gente jovem e \u00e0s vezes nem t\u00e3o jovem assim (!) que escreve, canta, desenha e dan\u00e7a o Brasil.<\/p>\n<p>&nbsp;<\/p>\n<p><strong>EM V\u00cdDEO<\/strong><br \/>\nConfira um resumo de como foi o <em>Nossa M\u00fasica Brasileira<\/em> N\u00ba 10:<\/p>\n<p><iframe loading=\"lazy\" src=\"https:\/\/www.youtube.com\/embed\/n9bZN8gJZ_k\" width=\"560\" height=\"315\" frameborder=\"0\" allowfullscreen=\"allowfullscreen\"><\/iframe><\/p>\n","protected":false},"excerpt":{"rendered":"<p>&nbsp; No \u00faltimo m\u00eas de agosto ocorreu no acampamento Jovens da Verdade, em Aruj\u00e1 (SP), a d\u00e9cima edi\u00e7\u00e3o do \u201cNossa M\u00fasica Brasileira\u201d (NMB), um encontro que contemplou n\u00e3o apenas a linguagem musical, mas tamb\u00e9m o teatro, a poesia, a fotografia e a pintura. Tendo participado de diversas edi\u00e7\u00f5es anteriores, acompanho com expectativa e alegria cada [&hellip;]<\/p>\n","protected":false},"author":24,"featured_media":0,"comment_status":"open","ping_status":"open","sticky":false,"template":"","format":"standard","meta":{"ngg_post_thumbnail":0,"footnotes":""},"categories":[114,116],"tags":[11438],"class_list":["post-1228","post","type-post","status-publish","format-standard","hentry","category-artigos","category-blog","tag-nossa-musica-brasileira"],"_links":{"self":[{"href":"https:\/\/ultimato.com.br\/sites\/gladircabral\/wp-json\/wp\/v2\/posts\/1228","targetHints":{"allow":["GET"]}}],"collection":[{"href":"https:\/\/ultimato.com.br\/sites\/gladircabral\/wp-json\/wp\/v2\/posts"}],"about":[{"href":"https:\/\/ultimato.com.br\/sites\/gladircabral\/wp-json\/wp\/v2\/types\/post"}],"author":[{"embeddable":true,"href":"https:\/\/ultimato.com.br\/sites\/gladircabral\/wp-json\/wp\/v2\/users\/24"}],"replies":[{"embeddable":true,"href":"https:\/\/ultimato.com.br\/sites\/gladircabral\/wp-json\/wp\/v2\/comments?post=1228"}],"version-history":[{"count":3,"href":"https:\/\/ultimato.com.br\/sites\/gladircabral\/wp-json\/wp\/v2\/posts\/1228\/revisions"}],"predecessor-version":[{"id":1235,"href":"https:\/\/ultimato.com.br\/sites\/gladircabral\/wp-json\/wp\/v2\/posts\/1228\/revisions\/1235"}],"wp:attachment":[{"href":"https:\/\/ultimato.com.br\/sites\/gladircabral\/wp-json\/wp\/v2\/media?parent=1228"}],"wp:term":[{"taxonomy":"category","embeddable":true,"href":"https:\/\/ultimato.com.br\/sites\/gladircabral\/wp-json\/wp\/v2\/categories?post=1228"},{"taxonomy":"post_tag","embeddable":true,"href":"https:\/\/ultimato.com.br\/sites\/gladircabral\/wp-json\/wp\/v2\/tags?post=1228"}],"curies":[{"name":"wp","href":"https:\/\/api.w.org\/{rel}","templated":true}]}}