{"id":1222,"date":"2016-07-27T19:43:07","date_gmt":"2016-07-27T22:43:07","guid":{"rendered":"http:\/\/ultimato.com.br\/sites\/gladircabral\/?p=1222"},"modified":"2016-07-27T19:48:01","modified_gmt":"2016-07-27T22:48:01","slug":"carta-de-hiroshima","status":"publish","type":"post","link":"https:\/\/ultimato.com.br\/sites\/gladircabral\/2016\/07\/27\/carta-de-hiroshima\/","title":{"rendered":"Carta de Hiroshima"},"content":{"rendered":"<p><a href=\"http:\/\/ultimato.com.br\/sites\/gladircabral\/files\/2016\/07\/hiroshima.jpg\"><img loading=\"lazy\" decoding=\"async\" class=\"alignleft size-medium wp-image-1223\" src=\"http:\/\/ultimato.com.br\/sites\/gladircabral\/files\/2016\/07\/hiroshima-300x169.jpg\" alt=\"hiroshima\" width=\"300\" height=\"169\" srcset=\"https:\/\/ultimato.com.br\/sites\/gladircabral\/files\/2016\/07\/hiroshima-300x169.jpg 300w, https:\/\/ultimato.com.br\/sites\/gladircabral\/files\/2016\/07\/hiroshima-150x84.jpg 150w, https:\/\/ultimato.com.br\/sites\/gladircabral\/files\/2016\/07\/hiroshima.jpg 650w\" sizes=\"auto, (max-width: 300px) 100vw, 300px\" \/><\/a>Esta carta foi escrita por um grupo de meninas sobreviventes do bombardeio de Hiroshima e endere\u00e7ada\u00a0ao senhor Claude Robert Eatherly, oficial das for\u00e7as armadas norte-americanas e piloto de um dos avi\u00f5es que deu suporte ao bombardeiro Enola Gay, que lan\u00e7ou a bomba at\u00f4mica sobre a cidade de Hiroshima em 6 de agosto de 1945.<\/p>\n<p>&nbsp;<\/p>\n<p><strong>Das Meninas de Hiroshima a Claude Eatherly<\/strong><\/p>\n<p>24 de julho de 1959.<\/p>\n<p>&nbsp;<\/p>\n<p>Prezado senhor,<\/p>\n<p>&nbsp;<\/p>\n<p>N\u00f3s, abaixo assinadas, meninas de Hiroshima, enviamos a voc\u00ea nossos calorosos cumprimentos.<\/p>\n<p>&nbsp;<\/p>\n<p>Somos todas meninas que felizmente escaparam da morte, mas receberam ferimentos em nossos rostos, membros e corpos por causa da bomba at\u00f4mica que foi lan\u00e7ada sobre a cidade de Hiroshima na \u00faltima guerra. \u00a0Temos cicatrizes ou marcas de ferimentos em nossas faces e membros e gostar\u00edamos muito que aquela coisa horr\u00edvel chamada \u2018guerra\u2019 jamais acontecesse novamente nem para n\u00f3s nem para qualquer pessoa viva neste mundo. Agora recentemente ouvidos que voc\u00ea tem sido atormentado por um senso de culpa ap\u00f3s o incidente de Hiroshima e que, por causa disso, voc\u00ea foi hospitalizado para tratamento mental. Esta carta est\u00e1 sendo enviada a voc\u00ea para assegur\u00e1-lo de que agora n\u00e3o abrigamos nenhum sentimento de inimizade a voc\u00ea pessoalmente. Talvez voc\u00ea tenha recebido ordens para fazer o que fez, ou talvez pensasse que iria ajudar as pessoas acabando com a guerra. Mas voc\u00ea sabe que bombas n\u00e3o acabam com guerras nesta Terra. Temos sido tratadas com grande amabilidade pelo povo crist\u00e3o (Quakers) na Am\u00e9rica. Temos aprendido a sentir por voc\u00ea um sentimento de simpatia, pensando que voc\u00ea tamb\u00e9m \u00e9 uma v\u00edtima da guerra, como n\u00f3s. Esperamos que voc\u00ea logo se recupere completamente e decida se unir \u00e0queles que est\u00e3o engajados na boa obra de abolir essa coisa b\u00e1rbara chamada \u2018guerra\u2019 por meio do esp\u00edrito de fraternidade.<\/p>\n<p>&nbsp;<\/p>\n<p>Com nossas calorosas sauda\u00e7\u00f5es,<\/p>\n<p>&nbsp;<\/p>\n<p>Atenciosamente,<\/p>\n<p>&nbsp;<\/p>\n<p>Hideko Sumimura<\/p>\n<p>Sayoko Komatsu<\/p>\n<p>Chieko Komura<\/p>\n<p>Tadako Emori<\/p>\n<p>Motoko Yamashita<\/p>\n<p>Keiko Kawasaki<\/p>\n<p>Miyoko Katsubara<\/p>\n<p>Tazuko Shibata<\/p>\n<p>Mitsuko Kodama<\/p>\n<p>Chizuko Suzuki<\/p>\n<p>AtsukoTada<\/p>\n<p>Misako Kannabe<\/p>\n<p>Michiyo Zomen<\/p>\n<p>Hiroko Task<\/p>\n<p>Toyoko Yamanaka<\/p>\n<p>Shigeko Miimoto<\/p>\n<p>Yoshie Enokawa<\/p>\n<p>Michiko Yamaoka<\/p>\n<p>Masako Wada<\/p>\n<p>Arden T. T. Yamanaka<\/p>\n<p>Yasuko Sima<\/p>\n<p>Hisaomi Watanabe<\/p>\n<p>Suzue Hiyama<\/p>\n<p>Emiko Takemoto<\/p>\n<p>Shigeko Hara<\/p>\n<p>Hatsue Inoue<\/p>\n<p>Yukiko Okita<\/p>\n<p>Ruriko Funatsu<\/p>\n<p>Yoshie Kihara<\/p>\n<p>Sachiko Kawamata<\/p>\n<p>&nbsp;<\/p>\n<p>[fonte: Burning Conscience: the Case of the Hiroshima Pilot]<\/p>\n","protected":false},"excerpt":{"rendered":"<p>Esta carta foi escrita por um grupo de meninas sobreviventes do bombardeio de Hiroshima e endere\u00e7ada\u00a0ao senhor Claude Robert Eatherly, oficial das for\u00e7as armadas norte-americanas e piloto de um dos avi\u00f5es que deu suporte ao bombardeiro Enola Gay, que lan\u00e7ou a bomba at\u00f4mica sobre a cidade de Hiroshima em 6 de agosto de 1945. &nbsp; [&hellip;]<\/p>\n","protected":false},"author":35,"featured_media":0,"comment_status":"open","ping_status":"open","sticky":false,"template":"","format":"standard","meta":{"ngg_post_thumbnail":0,"footnotes":""},"categories":[15623],"tags":[15623],"class_list":["post-1222","post","type-post","status-publish","format-standard","hentry","category-hiroshima","tag-hiroshima"],"_links":{"self":[{"href":"https:\/\/ultimato.com.br\/sites\/gladircabral\/wp-json\/wp\/v2\/posts\/1222","targetHints":{"allow":["GET"]}}],"collection":[{"href":"https:\/\/ultimato.com.br\/sites\/gladircabral\/wp-json\/wp\/v2\/posts"}],"about":[{"href":"https:\/\/ultimato.com.br\/sites\/gladircabral\/wp-json\/wp\/v2\/types\/post"}],"author":[{"embeddable":true,"href":"https:\/\/ultimato.com.br\/sites\/gladircabral\/wp-json\/wp\/v2\/users\/35"}],"replies":[{"embeddable":true,"href":"https:\/\/ultimato.com.br\/sites\/gladircabral\/wp-json\/wp\/v2\/comments?post=1222"}],"version-history":[{"count":3,"href":"https:\/\/ultimato.com.br\/sites\/gladircabral\/wp-json\/wp\/v2\/posts\/1222\/revisions"}],"predecessor-version":[{"id":1226,"href":"https:\/\/ultimato.com.br\/sites\/gladircabral\/wp-json\/wp\/v2\/posts\/1222\/revisions\/1226"}],"wp:attachment":[{"href":"https:\/\/ultimato.com.br\/sites\/gladircabral\/wp-json\/wp\/v2\/media?parent=1222"}],"wp:term":[{"taxonomy":"category","embeddable":true,"href":"https:\/\/ultimato.com.br\/sites\/gladircabral\/wp-json\/wp\/v2\/categories?post=1222"},{"taxonomy":"post_tag","embeddable":true,"href":"https:\/\/ultimato.com.br\/sites\/gladircabral\/wp-json\/wp\/v2\/tags?post=1222"}],"curies":[{"name":"wp","href":"https:\/\/api.w.org\/{rel}","templated":true}]}}