{"id":1208,"date":"2016-07-01T19:11:50","date_gmt":"2016-07-01T22:11:50","guid":{"rendered":"http:\/\/ultimato.com.br\/sites\/gladircabral\/?p=1208"},"modified":"2016-07-01T19:11:50","modified_gmt":"2016-07-01T22:11:50","slug":"quem-cala-com-sente","status":"publish","type":"post","link":"https:\/\/ultimato.com.br\/sites\/gladircabral\/2016\/07\/01\/quem-cala-com-sente\/","title":{"rendered":"Quem cala com, sente"},"content":{"rendered":"<p>Quando comecei a me interessar pelas pr\u00e1ticas da ora\u00e7\u00e3o contemplativa, l\u00e1 pelos anos de 1987,\u00a0compartilhei algumas das minhas descobertas e leituras com um amigo. Ele n\u00e3o me pareceu muito interessado e, na verdade, at\u00e9 mesmo mostrou-se desconfiado de que a vida contemplativa seria sintoma ou sinal de aliena\u00e7\u00e3o, de fuga das quest\u00f5es da realidade. Nada mais equivocado. A vida de ora\u00e7\u00e3o contemplativa \u00e9 um mergulho fundo no cora\u00e7\u00e3o da realidade, tanto material quanto f\u00edsica, psicol\u00f3gica, social, mas fundamentalmente espiritual.<\/p>\n<p>Thomas Merton enfrentou os mesmos dilemas em rela\u00e7\u00e3o \u00e0s suas horas de ora\u00e7\u00e3o e sil\u00eancio, afinal rondava-o sempre o velho ditado que diz: &#8220;Quem cala, consente&#8221;. Calar-se, diante de um mundo violento e desigual, seria o mesmo que aceitar as coisas como s\u00e3o. Merton reage a esse equ\u00edvoco.<\/p>\n<p>Em seu di\u00e1rio, no dia \u00a03 de mar\u00e7o de 1964, ele escreve:<\/p>\n<p>&nbsp;<\/p>\n<blockquote><p>N\u00e3o h\u00e1 consola\u00e7\u00e3o, s\u00f3 futilidade, na ideia de que algu\u00e9m \u00e9 m\u00e1rtir de alguma causa. N\u00e3o sou m\u00e1rtir de coisa alguma. Estou com medo. Eu quis agir como um crist\u00e3o sensato, civilizado e respons\u00e1vel do meu tempo. N\u00e3o tenho permiss\u00e3o para fazer isso. Dizem-me que renunciei a isso &#8212; tudo bem. Em favor do qu\u00ea? Em favor de um sil\u00eancio que est\u00e1 em profunda e completa cumplicidade com as for\u00e7as que exercem opress\u00e3o, injusti\u00e7a, agress\u00e3o, explora\u00e7\u00e3o, guerra. Em outras palavras, a cumplicidade silenciosa \u00e9 apresentada com um &#8220;bem maior&#8221; do que o protesto honesto e consciencioso\u00a0&#8212; supostamente ele \u00e9 parte de meus votos, para a &#8220;gl\u00f3ria de Deus&#8221;. Certamente, recuso-me a ser c\u00famplice. Meu sil\u00eancio \u00e9 em si mesmo um protesto, e aqueles que me conhecem est\u00e3o conscientes desse fato. Pelo menos tenho conseguido escrever o suficiente para tornar isso claro. Eu tamb\u00e9m n\u00e3o posso sair daqui para protestar, pois o sentido de qualquer protesto depende do meu estar aqui. De qualquer modo, Estou definitivamente &#8220;silenciado&#8221; sobre a quest\u00e3o da guerra nuclear.<\/p><\/blockquote>\n<p>&nbsp;<\/p>\n<p><a href=\"http:\/\/ultimato.com.br\/sites\/gladircabral\/files\/2016\/07\/merton.jpg\"><img loading=\"lazy\" decoding=\"async\" class=\"alignleft size-medium wp-image-1209\" src=\"http:\/\/ultimato.com.br\/sites\/gladircabral\/files\/2016\/07\/merton-300x165.jpg\" alt=\"merton\" width=\"300\" height=\"165\" srcset=\"https:\/\/ultimato.com.br\/sites\/gladircabral\/files\/2016\/07\/merton-300x165.jpg 300w, https:\/\/ultimato.com.br\/sites\/gladircabral\/files\/2016\/07\/merton-150x82.jpg 150w, https:\/\/ultimato.com.br\/sites\/gladircabral\/files\/2016\/07\/merton.jpg 430w\" sizes=\"auto, (max-width: 300px) 100vw, 300px\" \/><\/a><\/p>\n","protected":false},"excerpt":{"rendered":"<p>Quando comecei a me interessar pelas pr\u00e1ticas da ora\u00e7\u00e3o contemplativa, l\u00e1 pelos anos de 1987,\u00a0compartilhei algumas das minhas descobertas e leituras com um amigo. Ele n\u00e3o me pareceu muito interessado e, na verdade, at\u00e9 mesmo mostrou-se desconfiado de que a vida contemplativa seria sintoma ou sinal de aliena\u00e7\u00e3o, de fuga das quest\u00f5es da realidade. Nada [&hellip;]<\/p>\n","protected":false},"author":35,"featured_media":0,"comment_status":"open","ping_status":"open","sticky":false,"template":"","format":"standard","meta":{"ngg_post_thumbnail":0,"footnotes":""},"categories":[15621],"tags":[15621],"class_list":["post-1208","post","type-post","status-publish","format-standard","hentry","category-thomas-merton","tag-thomas-merton"],"_links":{"self":[{"href":"https:\/\/ultimato.com.br\/sites\/gladircabral\/wp-json\/wp\/v2\/posts\/1208","targetHints":{"allow":["GET"]}}],"collection":[{"href":"https:\/\/ultimato.com.br\/sites\/gladircabral\/wp-json\/wp\/v2\/posts"}],"about":[{"href":"https:\/\/ultimato.com.br\/sites\/gladircabral\/wp-json\/wp\/v2\/types\/post"}],"author":[{"embeddable":true,"href":"https:\/\/ultimato.com.br\/sites\/gladircabral\/wp-json\/wp\/v2\/users\/35"}],"replies":[{"embeddable":true,"href":"https:\/\/ultimato.com.br\/sites\/gladircabral\/wp-json\/wp\/v2\/comments?post=1208"}],"version-history":[{"count":1,"href":"https:\/\/ultimato.com.br\/sites\/gladircabral\/wp-json\/wp\/v2\/posts\/1208\/revisions"}],"predecessor-version":[{"id":1210,"href":"https:\/\/ultimato.com.br\/sites\/gladircabral\/wp-json\/wp\/v2\/posts\/1208\/revisions\/1210"}],"wp:attachment":[{"href":"https:\/\/ultimato.com.br\/sites\/gladircabral\/wp-json\/wp\/v2\/media?parent=1208"}],"wp:term":[{"taxonomy":"category","embeddable":true,"href":"https:\/\/ultimato.com.br\/sites\/gladircabral\/wp-json\/wp\/v2\/categories?post=1208"},{"taxonomy":"post_tag","embeddable":true,"href":"https:\/\/ultimato.com.br\/sites\/gladircabral\/wp-json\/wp\/v2\/tags?post=1208"}],"curies":[{"name":"wp","href":"https:\/\/api.w.org\/{rel}","templated":true}]}}