{"id":1188,"date":"2015-09-30T21:07:00","date_gmt":"2015-10-01T00:07:00","guid":{"rendered":"http:\/\/ultimato.com.br\/sites\/gladircabral\/?p=1188"},"modified":"2015-09-30T21:09:33","modified_gmt":"2015-10-01T00:09:33","slug":"um-poema-de-mahommah-baquaqua","status":"publish","type":"post","link":"https:\/\/ultimato.com.br\/sites\/gladircabral\/2015\/09\/30\/um-poema-de-mahommah-baquaqua\/","title":{"rendered":"Um poema de Mahommah Baquaqua"},"content":{"rendered":"<blockquote><p><a href=\"http:\/\/ultimato.com.br\/sites\/gladircabral\/files\/2015\/09\/baquaqua.jpg\"><img loading=\"lazy\" decoding=\"async\" class=\"alignleft size-medium wp-image-1189\" src=\"http:\/\/ultimato.com.br\/sites\/gladircabral\/files\/2015\/09\/baquaqua-300x286.jpg\" alt=\"baquaqua\" width=\"300\" height=\"286\" srcset=\"https:\/\/ultimato.com.br\/sites\/gladircabral\/files\/2015\/09\/baquaqua-300x286.jpg 300w, https:\/\/ultimato.com.br\/sites\/gladircabral\/files\/2015\/09\/baquaqua-150x143.jpg 150w, https:\/\/ultimato.com.br\/sites\/gladircabral\/files\/2015\/09\/baquaqua.jpg 756w\" sizes=\"auto, (max-width: 300px) 100vw, 300px\" \/><\/a><\/p>\n<p>&nbsp;<\/p>\n<p>&nbsp;<\/p>\n<p>&nbsp;<\/p>\n<p>&nbsp;<\/p>\n<p>&nbsp;<\/p>\n<p>&nbsp;<\/p>\n<p>&nbsp;<\/p>\n<p>&nbsp;<\/p>\n<p>&nbsp;<\/p>\n<p>&nbsp;<\/p>\n<p>Voc\u00ea n\u00e3o espera que algu\u00e9m da minha ra\u00e7a,<\/p>\n<p>Com cabelos encaracolados e rosto negro,<\/p>\n<p>E com\u00a0um pequeno raio de saber,<\/p>\n<p>Chame a aten\u00e7\u00e3o de seus amigos no col\u00e9gio.<\/p>\n<p>Mas, farei o melhor que puder<\/p>\n<p>Para provar que quero ser um homem.<\/p>\n<p>\u00c9 verdade, que meu corpo traz as marcas das correntes,<\/p>\n<p>\u00c9 verdade que minhas costas trazem as cicatrizes\u00a0das chicotadas,<\/p>\n<p>Mas n\u00e3o \u00e9 verdade que o poder do tirano<\/p>\n<p>Jamais tenha feito de meu cora\u00e7\u00e3o um covarde.<\/p>\n<p>N\u00e3o! Ele \u00e9 livre como quando eu brincava<\/p>\n<p>\u00c0 sobra das palmeiras de minha terra natal.<\/p>\n<p>&nbsp;<\/p>\n<p>Oh! \u00c1frica, minha terra natal,<\/p>\n<p>Quando irei te ver, humildemente postada,<\/p>\n<p>Sob a bandeira de meu Deus,<\/p>\n<p>E governada por Sua Santa Palavra?<\/p>\n<p>Quando irei ver a vara dos opressores<\/p>\n<p>Ser tirada de suas m\u00e3os, meu gracioso Deus?<\/p>\n<p>Oh! Quando verei meus irm\u00e3os<\/p>\n<p>Desfrutarem da do\u00e7ura da LIBERDADE?<\/p>\n<p>&nbsp;<\/p>\n<p>Amigos dos escravos oprimidos e ensanguentados,<\/p>\n<p>Pe\u00e7am a Deus por piedade! Que Deus nos salve!!<\/p>\n<p>Pois toda a ajuda dos homens \u00e9 v\u00e3,<\/p>\n<p>Pois o homem ao homem forjou cadeias.<\/p>\n<p>Oh, Pai da Justi\u00e7a, tu \u00e9s justo,<\/p>\n<p>Olho para ti, em ti confio;<\/p>\n<p>Oh, que teu esp\u00edrito gracioso atenda<\/p>\n<p>Ao gemido dos africanos, \u00e0s ora\u00e7\u00f5es dos africanos,<\/p>\n<p>Junto ao teu puro trono nos c\u00e9us,<\/p>\n<p>Onde tudo \u00e9 alegria e paz e amor,<\/p>\n<p>Por Jesus, Oh! salva o oprimido,<\/p>\n<p>E que suas almas encontrem paz nos c\u00e9us.<\/p><\/blockquote>\n<p>&nbsp;<\/p>\n<p>(Mohammah Gardo Baquaqua, 1854).<\/p>\n<p>&nbsp;<\/p>\n<p>&nbsp;<\/p>\n<p>&nbsp;<\/p>\n","protected":false},"excerpt":{"rendered":"<p>&nbsp; &nbsp; &nbsp; &nbsp; &nbsp; &nbsp; &nbsp; &nbsp; &nbsp; &nbsp; Voc\u00ea n\u00e3o espera que algu\u00e9m da minha ra\u00e7a, Com cabelos encaracolados e rosto negro, E com\u00a0um pequeno raio de saber, Chame a aten\u00e7\u00e3o de seus amigos no col\u00e9gio. Mas, farei o melhor que puder Para provar que quero ser um homem. \u00c9 verdade, que meu [&hellip;]<\/p>\n","protected":false},"author":35,"featured_media":0,"comment_status":"open","ping_status":"open","sticky":false,"template":"","format":"standard","meta":{"ngg_post_thumbnail":0,"footnotes":""},"categories":[114,160],"tags":[],"class_list":["post-1188","post","type-post","status-publish","format-standard","hentry","category-artigos","category-poesia"],"_links":{"self":[{"href":"https:\/\/ultimato.com.br\/sites\/gladircabral\/wp-json\/wp\/v2\/posts\/1188","targetHints":{"allow":["GET"]}}],"collection":[{"href":"https:\/\/ultimato.com.br\/sites\/gladircabral\/wp-json\/wp\/v2\/posts"}],"about":[{"href":"https:\/\/ultimato.com.br\/sites\/gladircabral\/wp-json\/wp\/v2\/types\/post"}],"author":[{"embeddable":true,"href":"https:\/\/ultimato.com.br\/sites\/gladircabral\/wp-json\/wp\/v2\/users\/35"}],"replies":[{"embeddable":true,"href":"https:\/\/ultimato.com.br\/sites\/gladircabral\/wp-json\/wp\/v2\/comments?post=1188"}],"version-history":[{"count":6,"href":"https:\/\/ultimato.com.br\/sites\/gladircabral\/wp-json\/wp\/v2\/posts\/1188\/revisions"}],"predecessor-version":[{"id":1195,"href":"https:\/\/ultimato.com.br\/sites\/gladircabral\/wp-json\/wp\/v2\/posts\/1188\/revisions\/1195"}],"wp:attachment":[{"href":"https:\/\/ultimato.com.br\/sites\/gladircabral\/wp-json\/wp\/v2\/media?parent=1188"}],"wp:term":[{"taxonomy":"category","embeddable":true,"href":"https:\/\/ultimato.com.br\/sites\/gladircabral\/wp-json\/wp\/v2\/categories?post=1188"},{"taxonomy":"post_tag","embeddable":true,"href":"https:\/\/ultimato.com.br\/sites\/gladircabral\/wp-json\/wp\/v2\/tags?post=1188"}],"curies":[{"name":"wp","href":"https:\/\/api.w.org\/{rel}","templated":true}]}}